{"id":6798,"date":"2024-10-25T17:49:35","date_gmt":"2024-10-25T14:49:35","guid":{"rendered":"https:\/\/eemkon.org.tr\/?p=6798"},"modified":"2024-10-25T17:51:49","modified_gmt":"2024-10-25T14:51:49","slug":"elektrik-elektronik-muhendisligi-eemkon-2025-kongresi-1-duzenleme-kurulu-toplaniyor","status":"publish","type":"post","link":"https:\/\/eemkon.org.tr\/eemkon2019\/elektrik-elektronik-muhendisligi-eemkon-2025-kongresi-1-duzenleme-kurulu-toplaniyor\/","title":{"rendered":"Elektrik Elektronik M\u00fchendisli\u011fi (EEMKON 2025) Kongresi 1. D\u00fczenleme Kurulu Toplan\u0131yor"},"content":{"rendered":"<p>EMO \u0130stanbul \u015eubesi&#8217;nin binlerce m\u00fchendisin kat\u0131l\u0131m\u0131yla ger\u00e7ekle\u015ftirdi\u011fi EEMKON 2015, 2017 ve 2019&#8217;un ard\u0131ndan EEMKON 2025 i\u00e7in ilk d\u00fczenleme kurulu toplant\u0131s\u0131 26 Ekim 2025 Cumartesi g\u00fcn\u00fc ger\u00e7ekle\u015fltirilecek. \u0130stanbul B\u00fcy\u00fck\u015fehir Belediyesi Ali Emiri Efendi K\u00fclt\u00fcr Merkezi&#8217;nde yap\u0131lacak olan EEMKON 2015 D\u00fczenleme Kurulu toplant\u0131s\u0131nda \u00fcniversitelerden, sanayi kurulu\u015flar\u0131na, kamu kurum ve kurulu\u015flar\u0131ndan, firmalara \u00e7ok say\u0131da ki\u015fi bir araya gelecek.<\/p>\n","protected":false},"excerpt":{"rendered":"<p>EMO \u0130stanbul \u015eubesi&#8217;nin binlerce m\u00fchendisin kat\u0131l\u0131m\u0131yla ger\u00e7ekle\u015ftirdi\u011fi EEMKON 2015, 2017 ve 2019&#8217;un ard\u0131ndan EEMKON 2025 i\u00e7in ilk d\u00fczenleme kurulu toplant\u0131s\u0131 26 Ekim 2025 Cumartesi g\u00fcn\u00fc ger\u00e7ekle\u015fltirilecek. \u0130stanbul B\u00fcy\u00fck\u015fehir Belediyesi Ali Emiri Efendi K\u00fclt\u00fcr Merkezi&#8217;nde yap\u0131lacak olan EEMKON 2015 D\u00fczenleme Kurulu toplant\u0131s\u0131nda \u00fcniversitelerden, sanayi kurulu\u015flar\u0131na, kamu kurum ve kurulu\u015flar\u0131ndan, firmalara \u00e7ok say\u0131da ki\u015fi bir araya gelecek.<\/p>\n","protected":false},"author":4,"featured_media":6801,"comment_status":"closed","ping_status":"open","sticky":false,"template":"","format":"standard","meta":{"footnotes":""},"categories":[6,141],"tags":[],"class_list":["post-6798","post","type-post","status-publish","format-standard","has-post-thumbnail","hentry","category-guncel-2019","category-manset-2019"],"_links":{"self":[{"href":"https:\/\/eemkon.org.tr\/eemkon2019\/wp-json\/wp\/v2\/posts\/6798","targetHints":{"allow":["GET"]}}],"collection":[{"href":"https:\/\/eemkon.org.tr\/eemkon2019\/wp-json\/wp\/v2\/posts"}],"about":[{"href":"https:\/\/eemkon.org.tr\/eemkon2019\/wp-json\/wp\/v2\/types\/post"}],"author":[{"embeddable":true,"href":"https:\/\/eemkon.org.tr\/eemkon2019\/wp-json\/wp\/v2\/users\/4"}],"replies":[{"embeddable":true,"href":"https:\/\/eemkon.org.tr\/eemkon2019\/wp-json\/wp\/v2\/comments?post=6798"}],"version-history":[{"count":1,"href":"https:\/\/eemkon.org.tr\/eemkon2019\/wp-json\/wp\/v2\/posts\/6798\/revisions"}],"predecessor-version":[{"id":6800,"href":"https:\/\/eemkon.org.tr\/eemkon2019\/wp-json\/wp\/v2\/posts\/6798\/revisions\/6800"}],"wp:featuredmedia":[{"embeddable":true,"href":"https:\/\/eemkon.org.tr\/eemkon2019\/wp-json\/wp\/v2\/media\/6801"}],"wp:attachment":[{"href":"https:\/\/eemkon.org.tr\/eemkon2019\/wp-json\/wp\/v2\/media?parent=6798"}],"wp:term":[{"taxonomy":"category","embeddable":true,"href":"https:\/\/eemkon.org.tr\/eemkon2019\/wp-json\/wp\/v2\/categories?post=6798"},{"taxonomy":"post_tag","embeddable":true,"href":"https:\/\/eemkon.org.tr\/eemkon2019\/wp-json\/wp\/v2\/tags?post=6798"}],"curies":[{"name":"wp","href":"https:\/\/api.w.org\/{rel}","templated":true}]}}