{"id":6007,"date":"2021-09-27T00:52:58","date_gmt":"2021-09-26T21:52:58","guid":{"rendered":"https:\/\/eemkon.org.tr\/test\/?p=6007"},"modified":"2021-11-28T23:43:19","modified_gmt":"2021-11-28T20:43:19","slug":"eemkon-2019-21-yuzyil-akdeniz-jeopolitigi-ve-turkiye-kktc-enerji-politikalari","status":"publish","type":"post","link":"https:\/\/eemkon.org.tr\/eemkon2019\/eemkon-2019-21-yuzyil-akdeniz-jeopolitigi-ve-turkiye-kktc-enerji-politikalari\/","title":{"rendered":"EEMKON 2019 &#8211; 21. Y\u00fczy\u0131l Akdeniz Jeopoliti\u011fi ve T\u00fcrkiye &#8211; KKTC Enerji Politikalar\u0131"},"content":{"rendered":"\t\t<div data-elementor-type=\"wp-post\" data-elementor-id=\"6007\" class=\"elementor elementor-6007\" data-elementor-settings=\"[]\">\n\t\t\t\t\t\t<div class=\"elementor-inner\">\n\t\t\t\t\t\t\t<div class=\"elementor-section-wrap\">\n\t\t\t\t\t\t\t<section class=\"elementor-section elementor-top-section elementor-element elementor-element-463e7ea elementor-section-boxed elementor-section-height-default elementor-section-height-default\" data-id=\"463e7ea\" data-element_type=\"section\">\n\t\t\t\t\t\t<div class=\"elementor-container elementor-column-gap-default\">\n\t\t\t\t\t\t\t<div class=\"elementor-row\">\n\t\t\t\t\t<div class=\"elementor-column elementor-col-100 elementor-top-column elementor-element elementor-element-1fb022d\" data-id=\"1fb022d\" data-element_type=\"column\">\n\t\t\t<div class=\"elementor-column-wrap elementor-element-populated\">\n\t\t\t\t\t\t\t<div class=\"elementor-widget-wrap\">\n\t\t\t\t\t\t<div class=\"elementor-element elementor-element-c6bc469 elementor-widget elementor-widget-text-editor\" data-id=\"c6bc469\" data-element_type=\"widget\" data-widget_type=\"text-editor.default\">\n\t\t\t\t<div class=\"elementor-widget-container\">\n\t\t\t\t\t<div class=\"elementor-text-editor elementor-clearfix\"><h6><strong>EEMKON 2019 \u2013 ENERJ\u0130 POL\u0130T\u0130KALARI SEMPOZYUMU 7. OTURUM\u00a0<\/strong><\/h6><h6>Oturum Ba\u015fkan\u0131\u00a0\u00a0\u00a0\u00a0\u00a0\u00a0\u00a0\u00a0\u00a0\u00a0\u00a0\u00a0\u00a0\u00a0 : (<strong>E) Amiral Cem G\u00dcRDEN\u0130Z<\/strong> \u2013 Ko\u00e7 \u00dcniversitesi Denizcilik Forumu Direkt\u00f6r\u00fc<\/h6><h6>Konu\u015fmac\u0131lar\u00a0 \u00a0 \u00a0 \u00a0 \u00a0 \u00a0 \u00a0 \u00a0 \u00a0 \u00a0\u00a0<\/h6><h6><strong>Uluslar aras\u0131 Hukuki Boyut <\/strong><\/h6><h6>Prof. Dr. Serta\u00e7 Hami BA\u015eEREN \u2013 Ankara \u00dcniversitesi Siyasal Bilgiler Fak\u00fcltesi\u00a0<\/h6><h6><strong>G\u00fcvenlik Y\u00f6n\u00fcnden Do\u011fu Akdeniz<\/strong><\/h6><h6>(E) Amiral Cem G\u00dcRDEN\u0130Z \u2013 Ko\u00e7 \u00dcniversitesi Denizcilik Forumu Direkt\u00f6r\u00fc<\/h6><h6><strong>Do\u011fu Akdeniz Gaz\u0131n\u0131n Jeopolitik \u00d6nemi<\/strong><\/h6><h6>Dr. \u00d6\u011fr. \u00dcyesi Hayriye Kahveci \u2013 ODT\u00dc KKK Siyaset Bilimi ve Uluslararas\u0131 \u0130li\u015fkiler<\/h6><h6><strong>Ekonomik ve Politik Y\u00f6nden Do\u011fu Akdeniz<\/strong><\/h6><h6>Prof. Dr. Mitat \u00c7EL\u0130KPALA \u2013 Kadir Has \u00dcniversitesi \u0130ktisadi, \u0130dari ve Sosyal Bilimler Fak\u00fcltesi Dekan\u0131<\/h6><h6><strong>Do\u011fu Akdeniz Diplomasisi<\/strong><\/h6><h6>Mithat RENDE \u2013 Emekli B\u00fcy\u00fckel\u00e7i<\/h6><\/div>\n\t\t\t\t<\/div>\n\t\t\t\t<\/div>\n\t\t\t\t\t\t<\/div>\n\t\t\t\t\t<\/div>\n\t\t<\/div>\n\t\t\t\t\t\t\t\t<\/div>\n\t\t\t\t\t<\/div>\n\t\t<\/section>\n\t\t\t\t<section class=\"elementor-section elementor-top-section elementor-element elementor-element-01f65eb elementor-section-boxed elementor-section-height-default elementor-section-height-default\" data-id=\"01f65eb\" data-element_type=\"section\">\n\t\t\t\t\t\t<div class=\"elementor-container elementor-column-gap-default\">\n\t\t\t\t\t\t\t<div class=\"elementor-row\">\n\t\t\t\t\t<div class=\"elementor-column elementor-col-25 elementor-top-column elementor-element elementor-element-e3d529f\" data-id=\"e3d529f\" data-element_type=\"column\">\n\t\t\t<div class=\"elementor-column-wrap\">\n\t\t\t\t\t\t\t<div class=\"elementor-widget-wrap\">\n\t\t\t\t\t\t\t\t<\/div>\n\t\t\t\t\t<\/div>\n\t\t<\/div>\n\t\t\t\t<div class=\"elementor-column elementor-col-50 elementor-top-column elementor-element elementor-element-40348f4\" data-id=\"40348f4\" data-element_type=\"column\">\n\t\t\t<div class=\"elementor-column-wrap elementor-element-populated\">\n\t\t\t\t\t\t\t<div class=\"elementor-widget-wrap\">\n\t\t\t\t\t\t<div class=\"elementor-element elementor-element-ef88ab8 elementor-aspect-ratio-43 elementor-widget elementor-widget-video\" data-id=\"ef88ab8\" data-element_type=\"widget\" data-settings=\"{&quot;youtube_url&quot;:&quot;https:\\\/\\\/www.youtube.com\\\/watch?v=jzWdy6-yA5c&quot;,&quot;aspect_ratio&quot;:&quot;43&quot;,&quot;video_type&quot;:&quot;youtube&quot;,&quot;controls&quot;:&quot;yes&quot;}\" data-widget_type=\"video.default\">\n\t\t\t\t<div class=\"elementor-widget-container\">\n\t\t\t\t\t<div class=\"elementor-wrapper elementor-fit-aspect-ratio elementor-open-inline\">\n\t\t\t<div class=\"elementor-video\"><\/div>\t\t<\/div>\n\t\t\t\t<\/div>\n\t\t\t\t<\/div>\n\t\t\t\t\t\t<\/div>\n\t\t\t\t\t<\/div>\n\t\t<\/div>\n\t\t\t\t<div class=\"elementor-column elementor-col-25 elementor-top-column elementor-element elementor-element-ce0ae2d\" data-id=\"ce0ae2d\" data-element_type=\"column\">\n\t\t\t<div class=\"elementor-column-wrap\">\n\t\t\t\t\t\t\t<div class=\"elementor-widget-wrap\">\n\t\t\t\t\t\t\t\t<\/div>\n\t\t\t\t\t<\/div>\n\t\t<\/div>\n\t\t\t\t\t\t\t\t<\/div>\n\t\t\t\t\t<\/div>\n\t\t<\/section>\n\t\t\t\t\t\t<\/div>\n\t\t\t\t\t\t<\/div>\n\t\t\t\t\t<\/div>\n\t\t","protected":false},"excerpt":{"rendered":"<p>EEMKON 2019 \u2013 ENERJ\u0130 POL\u0130T\u0130KALARI SEMPOZYUMU 7. OTURUM\u00a0 Oturum Ba\u015fkan\u0131\u00a0\u00a0\u00a0\u00a0\u00a0\u00a0\u00a0\u00a0\u00a0\u00a0\u00a0\u00a0\u00a0\u00a0 : (E) Amiral Cem G\u00dcRDEN\u0130Z \u2013 Ko\u00e7 \u00dcniversitesi Denizcilik Forumu Direkt\u00f6r\u00fc Konu\u015fmac\u0131lar\u00a0 \u00a0 \u00a0 \u00a0 \u00a0 \u00a0 \u00a0 \u00a0 \u00a0 \u00a0\u00a0 Uluslar aras\u0131 Hukuki Boyut Prof. Dr. Serta\u00e7 Hami BA\u015eEREN \u2013 Ankara \u00dcniversitesi Siyasal Bilgiler Fak\u00fcltesi\u00a0 G\u00fcvenlik Y\u00f6n\u00fcnden Do\u011fu Akdeniz (E) Amiral Cem G\u00dcRDEN\u0130Z \u2013 [&hellip;]<\/p>\n","protected":false},"author":4,"featured_media":3022,"comment_status":"closed","ping_status":"open","sticky":false,"template":"","format":"video","meta":{"footnotes":""},"categories":[147],"tags":[],"class_list":["post-6007","post","type-post","status-publish","format-video","has-post-thumbnail","hentry","category-enerji-politikalari-2019","post_format-post-format-video"],"_links":{"self":[{"href":"https:\/\/eemkon.org.tr\/eemkon2019\/wp-json\/wp\/v2\/posts\/6007","targetHints":{"allow":["GET"]}}],"collection":[{"href":"https:\/\/eemkon.org.tr\/eemkon2019\/wp-json\/wp\/v2\/posts"}],"about":[{"href":"https:\/\/eemkon.org.tr\/eemkon2019\/wp-json\/wp\/v2\/types\/post"}],"author":[{"embeddable":true,"href":"https:\/\/eemkon.org.tr\/eemkon2019\/wp-json\/wp\/v2\/users\/4"}],"replies":[{"embeddable":true,"href":"https:\/\/eemkon.org.tr\/eemkon2019\/wp-json\/wp\/v2\/comments?post=6007"}],"version-history":[{"count":13,"href":"https:\/\/eemkon.org.tr\/eemkon2019\/wp-json\/wp\/v2\/posts\/6007\/revisions"}],"predecessor-version":[{"id":6633,"href":"https:\/\/eemkon.org.tr\/eemkon2019\/wp-json\/wp\/v2\/posts\/6007\/revisions\/6633"}],"wp:featuredmedia":[{"embeddable":true,"href":"https:\/\/eemkon.org.tr\/eemkon2019\/wp-json\/wp\/v2\/media\/3022"}],"wp:attachment":[{"href":"https:\/\/eemkon.org.tr\/eemkon2019\/wp-json\/wp\/v2\/media?parent=6007"}],"wp:term":[{"taxonomy":"category","embeddable":true,"href":"https:\/\/eemkon.org.tr\/eemkon2019\/wp-json\/wp\/v2\/categories?post=6007"},{"taxonomy":"post_tag","embeddable":true,"href":"https:\/\/eemkon.org.tr\/eemkon2019\/wp-json\/wp\/v2\/tags?post=6007"}],"curies":[{"name":"wp","href":"https:\/\/api.w.org\/{rel}","templated":true}]}}