{"id":5955,"date":"2021-09-26T22:50:03","date_gmt":"2021-09-26T19:50:03","guid":{"rendered":"https:\/\/eemkon.org.tr\/test\/?p=5955"},"modified":"2021-11-29T00:05:53","modified_gmt":"2021-11-28T21:05:53","slug":"eemkon-2019-ab-enerji-politikalari-ve-turkiyenin-uyum-sureci","status":"publish","type":"post","link":"https:\/\/eemkon.org.tr\/eemkon2019\/eemkon-2019-ab-enerji-politikalari-ve-turkiyenin-uyum-sureci\/","title":{"rendered":"EEMKON 2019 &#8211; AB Enerji Politikalar\u0131 ve T\u00fcrkiye&#8217;nin Uyum S\u00fcreci"},"content":{"rendered":"\t\t<div data-elementor-type=\"wp-post\" data-elementor-id=\"5955\" class=\"elementor elementor-5955\" data-elementor-settings=\"[]\">\n\t\t\t\t\t\t<div class=\"elementor-inner\">\n\t\t\t\t\t\t\t<div class=\"elementor-section-wrap\">\n\t\t\t\t\t\t\t<section class=\"elementor-section elementor-top-section elementor-element elementor-element-eaf45a3 elementor-section-boxed elementor-section-height-default elementor-section-height-default\" data-id=\"eaf45a3\" data-element_type=\"section\">\n\t\t\t\t\t\t<div class=\"elementor-container elementor-column-gap-default\">\n\t\t\t\t\t\t\t<div class=\"elementor-row\">\n\t\t\t\t\t<div class=\"elementor-column elementor-col-100 elementor-top-column elementor-element elementor-element-0008ef3\" data-id=\"0008ef3\" data-element_type=\"column\">\n\t\t\t<div class=\"elementor-column-wrap elementor-element-populated\">\n\t\t\t\t\t\t\t<div class=\"elementor-widget-wrap\">\n\t\t\t\t\t\t<div class=\"elementor-element elementor-element-1d5384a elementor-widget elementor-widget-text-editor\" data-id=\"1d5384a\" data-element_type=\"widget\" data-widget_type=\"text-editor.default\">\n\t\t\t\t<div class=\"elementor-widget-container\">\n\t\t\t\t\t<div class=\"elementor-text-editor elementor-clearfix\"><h6><strong>EEMKON 2019 \u2013 ENERJ\u0130 POL\u0130T\u0130KALARI SEMPOZYUMU 4. OTURUM\u00a0\u00a0<\/strong><\/h6><h6>Oturum Ba\u015fkan\u0131\u00a0\u00a0\u00a0\u00a0\u00a0\u00a0\u00a0\u00a0\u00a0\u00a0\u00a0\u00a0\u00a0\u00a0 : <strong>Prof. Dr. Tanay S\u0131dk\u0131 UYAR<\/strong> \u2013 Marmara \u00dcniversitesi M\u00fchendislik Fak\u00fcltesi\u00a0 \u00a0<\/h6><h6><strong>Konu\u015fmac\u0131lar\u00a0\u00a0\u00a0\u00a0\u00a0\u00a0\u00a0\u00a0\u00a0\u00a0\u00a0\u00a0\u00a0\u00a0\u00a0\u00a0\u00a0\u00a0 <\/strong><\/h6><h6><strong>AB Enerji Politikalar\u0131 ve T\u00fcrkiye Uyum S\u00fcrecinde Enerji Politikam\u0131z<\/strong>\u00a0<\/h6><h6>Ahmet AKIN \u2013 CHP Bal\u0131kesir Milletvekili\u00a0<\/h6><\/div>\n\t\t\t\t<\/div>\n\t\t\t\t<\/div>\n\t\t\t\t\t\t<\/div>\n\t\t\t\t\t<\/div>\n\t\t<\/div>\n\t\t\t\t\t\t\t\t<\/div>\n\t\t\t\t\t<\/div>\n\t\t<\/section>\n\t\t\t\t<section class=\"elementor-section elementor-top-section elementor-element elementor-element-e98f660 elementor-section-boxed elementor-section-height-default elementor-section-height-default\" data-id=\"e98f660\" data-element_type=\"section\">\n\t\t\t\t\t\t<div class=\"elementor-container elementor-column-gap-default\">\n\t\t\t\t\t\t\t<div class=\"elementor-row\">\n\t\t\t\t\t<div class=\"elementor-column elementor-col-16 elementor-top-column elementor-element elementor-element-c70af85\" data-id=\"c70af85\" data-element_type=\"column\">\n\t\t\t<div class=\"elementor-column-wrap\">\n\t\t\t\t\t\t\t<div class=\"elementor-widget-wrap\">\n\t\t\t\t\t\t\t\t<\/div>\n\t\t\t\t\t<\/div>\n\t\t<\/div>\n\t\t\t\t<div class=\"elementor-column elementor-col-66 elementor-top-column elementor-element elementor-element-d0237ff\" data-id=\"d0237ff\" data-element_type=\"column\">\n\t\t\t<div class=\"elementor-column-wrap elementor-element-populated\">\n\t\t\t\t\t\t\t<div class=\"elementor-widget-wrap\">\n\t\t\t\t\t\t<div class=\"elementor-element elementor-element-130f4f3 elementor-aspect-ratio-169 elementor-widget elementor-widget-video\" data-id=\"130f4f3\" data-element_type=\"widget\" data-settings=\"{&quot;youtube_url&quot;:&quot;https:\\\/\\\/www.youtube.com\\\/watch?v=2AnN2lj2hjk&amp;list=PL9EzgAcWy0UrVQISl-BlwRX4AzxRdyjch&amp;index=1&quot;,&quot;video_type&quot;:&quot;youtube&quot;,&quot;controls&quot;:&quot;yes&quot;,&quot;aspect_ratio&quot;:&quot;169&quot;}\" data-widget_type=\"video.default\">\n\t\t\t\t<div class=\"elementor-widget-container\">\n\t\t\t\t\t<div class=\"elementor-wrapper elementor-fit-aspect-ratio elementor-open-inline\">\n\t\t\t<div class=\"elementor-video\"><\/div>\t\t<\/div>\n\t\t\t\t<\/div>\n\t\t\t\t<\/div>\n\t\t\t\t\t\t<\/div>\n\t\t\t\t\t<\/div>\n\t\t<\/div>\n\t\t\t\t<div class=\"elementor-column elementor-col-16 elementor-top-column elementor-element elementor-element-5d2b909\" data-id=\"5d2b909\" data-element_type=\"column\">\n\t\t\t<div class=\"elementor-column-wrap\">\n\t\t\t\t\t\t\t<div class=\"elementor-widget-wrap\">\n\t\t\t\t\t\t\t\t<\/div>\n\t\t\t\t\t<\/div>\n\t\t<\/div>\n\t\t\t\t\t\t\t\t<\/div>\n\t\t\t\t\t<\/div>\n\t\t<\/section>\n\t\t\t\t\t\t<\/div>\n\t\t\t\t\t\t<\/div>\n\t\t\t\t\t<\/div>\n\t\t","protected":false},"excerpt":{"rendered":"<p>EEMKON 2019 \u2013 ENERJ\u0130 POL\u0130T\u0130KALARI SEMPOZYUMU 4. OTURUM\u00a0\u00a0 Oturum Ba\u015fkan\u0131\u00a0\u00a0\u00a0\u00a0\u00a0\u00a0\u00a0\u00a0\u00a0\u00a0\u00a0\u00a0\u00a0\u00a0 : Prof. Dr. Tanay S\u0131dk\u0131 UYAR \u2013 Marmara \u00dcniversitesi M\u00fchendislik Fak\u00fcltesi\u00a0 \u00a0 Konu\u015fmac\u0131lar\u00a0\u00a0\u00a0\u00a0\u00a0\u00a0\u00a0\u00a0\u00a0\u00a0\u00a0\u00a0\u00a0\u00a0\u00a0\u00a0\u00a0\u00a0 AB Enerji Politikalar\u0131 ve T\u00fcrkiye Uyum S\u00fcrecinde Enerji Politikam\u0131z\u00a0 Ahmet AKIN \u2013 CHP Bal\u0131kesir Milletvekili\u00a0 https:\/\/www.youtube.com\/watch?v=2AnN2lj2hjk&#038;list=PL9EzgAcWy0UrVQISl-BlwRX4AzxRdyjch&#038;index=1<\/p>\n","protected":false},"author":4,"featured_media":2954,"comment_status":"closed","ping_status":"open","sticky":false,"template":"","format":"video","meta":{"footnotes":""},"categories":[147],"tags":[],"class_list":["post-5955","post","type-post","status-publish","format-video","has-post-thumbnail","hentry","category-enerji-politikalari-2019","post_format-post-format-video"],"_links":{"self":[{"href":"https:\/\/eemkon.org.tr\/eemkon2019\/wp-json\/wp\/v2\/posts\/5955","targetHints":{"allow":["GET"]}}],"collection":[{"href":"https:\/\/eemkon.org.tr\/eemkon2019\/wp-json\/wp\/v2\/posts"}],"about":[{"href":"https:\/\/eemkon.org.tr\/eemkon2019\/wp-json\/wp\/v2\/types\/post"}],"author":[{"embeddable":true,"href":"https:\/\/eemkon.org.tr\/eemkon2019\/wp-json\/wp\/v2\/users\/4"}],"replies":[{"embeddable":true,"href":"https:\/\/eemkon.org.tr\/eemkon2019\/wp-json\/wp\/v2\/comments?post=5955"}],"version-history":[{"count":7,"href":"https:\/\/eemkon.org.tr\/eemkon2019\/wp-json\/wp\/v2\/posts\/5955\/revisions"}],"predecessor-version":[{"id":6642,"href":"https:\/\/eemkon.org.tr\/eemkon2019\/wp-json\/wp\/v2\/posts\/5955\/revisions\/6642"}],"wp:featuredmedia":[{"embeddable":true,"href":"https:\/\/eemkon.org.tr\/eemkon2019\/wp-json\/wp\/v2\/media\/2954"}],"wp:attachment":[{"href":"https:\/\/eemkon.org.tr\/eemkon2019\/wp-json\/wp\/v2\/media?parent=5955"}],"wp:term":[{"taxonomy":"category","embeddable":true,"href":"https:\/\/eemkon.org.tr\/eemkon2019\/wp-json\/wp\/v2\/categories?post=5955"},{"taxonomy":"post_tag","embeddable":true,"href":"https:\/\/eemkon.org.tr\/eemkon2019\/wp-json\/wp\/v2\/tags?post=5955"}],"curies":[{"name":"wp","href":"https:\/\/api.w.org\/{rel}","templated":true}]}}