{"id":5896,"date":"2021-09-25T23:54:14","date_gmt":"2021-09-25T20:54:14","guid":{"rendered":"https:\/\/eemkon.org.tr\/test\/?p=5896"},"modified":"2021-11-29T00:12:22","modified_gmt":"2021-11-28T21:12:22","slug":"eemkon-2019-surdurulebilir-yasam-ekseninde-iklim-ve-enerji-politikalari","status":"publish","type":"post","link":"https:\/\/eemkon.org.tr\/eemkon2019\/eemkon-2019-surdurulebilir-yasam-ekseninde-iklim-ve-enerji-politikalari\/","title":{"rendered":"EEMKON 2019 &#8211; S\u00fcrd\u00fcr\u00fclebilir Ya\u015fam Ekseninde \u0130klim ve Enerji Politikalar\u0131"},"content":{"rendered":"\t\t<div data-elementor-type=\"wp-post\" data-elementor-id=\"5896\" class=\"elementor elementor-5896\" data-elementor-settings=\"[]\">\n\t\t\t\t\t\t<div class=\"elementor-inner\">\n\t\t\t\t\t\t\t<div class=\"elementor-section-wrap\">\n\t\t\t\t\t\t\t<section class=\"elementor-section elementor-top-section elementor-element elementor-element-206689e elementor-section-boxed elementor-section-height-default elementor-section-height-default\" data-id=\"206689e\" data-element_type=\"section\">\n\t\t\t\t\t\t<div class=\"elementor-container elementor-column-gap-default\">\n\t\t\t\t\t\t\t<div class=\"elementor-row\">\n\t\t\t\t\t<div class=\"elementor-column elementor-col-100 elementor-top-column elementor-element elementor-element-9f67194\" data-id=\"9f67194\" data-element_type=\"column\">\n\t\t\t<div class=\"elementor-column-wrap elementor-element-populated\">\n\t\t\t\t\t\t\t<div class=\"elementor-widget-wrap\">\n\t\t\t\t\t\t<div class=\"elementor-element elementor-element-0e66ca3 elementor-widget elementor-widget-text-editor\" data-id=\"0e66ca3\" data-element_type=\"widget\" data-widget_type=\"text-editor.default\">\n\t\t\t\t<div class=\"elementor-widget-container\">\n\t\t\t\t\t<div class=\"elementor-text-editor elementor-clearfix\"><h6><strong>EEMKON 2019 \u2013 ENERJ\u0130 POL\u0130T\u0130KALARI SEMPOZYUMU 1.OTURUM\u00a0<\/strong><\/h6><h6>Oturum Ba\u015fkan\u0131\u00a0\u00a0\u00a0\u00a0\u00a0\u00a0\u00a0\u00a0\u00a0\u00a0\u00a0\u00a0\u00a0\u00a0 : <strong>Celal TOPRAK<\/strong> \u2013 Ekonomi Gazetecileri Derne\u011fi<\/h6><h6><strong>Konu\u015fmac\u0131lar\u00a0\u00a0\u00a0\u00a0\u00a0\u00a0\u00a0\u00a0\u00a0\u00a0\u00a0\u00a0\u00a0\u00a0\u00a0\u00a0\u00a0\u00a0 <\/strong><\/h6><h6><strong>2018\u2019de Yay\u0131nlanan Ulusal Enerji Verimlili\u011fi Eylem Plan\u0131n\u0131n De\u011ferlendirilmesi.<\/strong><\/h6><h6>Fatma Dilek \u00d6ZNUR \u2013 ETKB Enerji Verimlili\u011fi Daire Ba\u015fkanl\u0131\u011f\u0131<\/h6><h6><strong>K\u00fcresel \u0130klim De\u011fi\u015fikli\u011fine Ba\u011fl\u0131 Enerji Politikalar\u0131\u00a0<\/strong><\/h6><h6>Prof. Dr. Orhan \u015eEN \u2013 \u0130T\u00dc Meteoroloji M\u00fchendisli\u011fi B\u00f6l\u00fcm\u00fc<\/h6><h6><strong>T\u00fcrkiye\u2019nin 2026 Y\u0131l\u0131 R\u00fczgar ve G\u00fcne\u015f Kurulu G\u00fc\u00e7 Hedefini 40 GW ve 60 GW Toplam Kapasiteye Ula\u015ft\u0131rma \u00c7al\u0131\u015fmalar\u0131<\/strong><\/h6><h6>Hasan AKSOY \u2013 SHURA Enerji D\u00f6n\u00fc\u015f\u00fcm Merkezi Enerji Sistem Analisti<\/h6><h6><strong>K\u00fcresel \u0130klim De\u011fi\u015fikli\u011finin Zorlad\u0131\u011f\u0131 Suda Enerji Politikalar\u0131: \u0130SK\u0130 \u00d6rne\u011fi<\/strong><\/h6><h6>Ramazan KARAASLAN \u2013 \u0130SK\u0130 Genel M\u00fcd\u00fcrl\u00fc\u011f\u00fc Enerji Y\u00f6netimi \u015eube M\u00fcd\u00fcr\u00fc<\/h6><h6><strong>Orman Alanlar\u0131n\u0131n Bitki \u00d6rt\u00fcs\u00fcn\u00fc Korumak ve Geli\u015ftirmek \u0130\u00e7in Neler Yap\u0131lmal\u0131? <\/strong><\/h6><h6>Prof. Dr. Do\u011fanay TOLUNAY \u2013 \u0130stanbul \u00dcniversitesi<\/h6><\/div>\n\t\t\t\t<\/div>\n\t\t\t\t<\/div>\n\t\t\t\t\t\t<\/div>\n\t\t\t\t\t<\/div>\n\t\t<\/div>\n\t\t\t\t\t\t\t\t<\/div>\n\t\t\t\t\t<\/div>\n\t\t<\/section>\n\t\t\t\t<section class=\"elementor-section elementor-top-section elementor-element elementor-element-ad42086 elementor-section-boxed elementor-section-height-default elementor-section-height-default\" data-id=\"ad42086\" data-element_type=\"section\">\n\t\t\t\t\t\t<div class=\"elementor-container elementor-column-gap-default\">\n\t\t\t\t\t\t\t<div class=\"elementor-row\">\n\t\t\t\t\t<div class=\"elementor-column elementor-col-66 elementor-top-column elementor-element elementor-element-9c64554\" data-id=\"9c64554\" data-element_type=\"column\">\n\t\t\t<div class=\"elementor-column-wrap elementor-element-populated\">\n\t\t\t\t\t\t\t<div class=\"elementor-widget-wrap\">\n\t\t\t\t\t\t<div class=\"elementor-element elementor-element-0d4fe0b elementor-aspect-ratio-169 elementor-widget elementor-widget-video\" data-id=\"0d4fe0b\" data-element_type=\"widget\" data-settings=\"{&quot;youtube_url&quot;:&quot;https:\\\/\\\/www.youtube.com\\\/watch?v=QmU1eFCHIfc&amp;list=PL9EzgAcWy0UrVQISl-BlwRX4AzxRdyjch&amp;index=5&quot;,&quot;video_type&quot;:&quot;youtube&quot;,&quot;controls&quot;:&quot;yes&quot;,&quot;aspect_ratio&quot;:&quot;169&quot;}\" data-widget_type=\"video.default\">\n\t\t\t\t<div class=\"elementor-widget-container\">\n\t\t\t\t\t<div class=\"elementor-wrapper elementor-fit-aspect-ratio elementor-open-inline\">\n\t\t\t<div class=\"elementor-video\"><\/div>\t\t<\/div>\n\t\t\t\t<\/div>\n\t\t\t\t<\/div>\n\t\t\t\t\t\t<\/div>\n\t\t\t\t\t<\/div>\n\t\t<\/div>\n\t\t\t\t<div class=\"elementor-column elementor-col-33 elementor-top-column elementor-element elementor-element-3d00101\" data-id=\"3d00101\" data-element_type=\"column\">\n\t\t\t<div class=\"elementor-column-wrap elementor-element-populated\">\n\t\t\t\t\t\t\t<div class=\"elementor-widget-wrap\">\n\t\t\t\t\t\t<div class=\"elementor-element elementor-element-56fa460 elementor-widget elementor-widget-shortcode\" data-id=\"56fa460\" data-element_type=\"widget\" data-widget_type=\"shortcode.default\">\n\t\t\t\t<div class=\"elementor-widget-container\">\n\t\t\t\t\t<div class=\"elementor-shortcode\"><div class=\"ead-preview\"><div class=\"ead-document\" style=\"position: relative;padding-top: 90%\"><iframe src=\"\/\/view.officeapps.live.com\/op\/embed.aspx?src=https%3A%2F%2Feemkon.org.tr%2Ftest%2Fwp-content%2Fuploads%2F2021%2F09%2F2018DE-YAYINLANAN-ULUSAL-ENERJI-VERIMLILIGI-EYLEM-PLANININ-DEGERLENDIRILMESI-Fatma-Dilek-OZNUR.pptx\" title=\"Embedded Document\" class=\"ead-iframe\" style=\"width: 100%;height: 100%;border: none;position: absolute;left: 0;top: 0;\"><\/iframe><\/div><\/div><\/div>\n\t\t\t\t<\/div>\n\t\t\t\t<\/div>\n\t\t\t\t\t\t<\/div>\n\t\t\t\t\t<\/div>\n\t\t<\/div>\n\t\t\t\t\t\t\t\t<\/div>\n\t\t\t\t\t<\/div>\n\t\t<\/section>\n\t\t\t\t<section class=\"elementor-section elementor-top-section elementor-element elementor-element-c95d90e elementor-section-boxed elementor-section-height-default elementor-section-height-default\" data-id=\"c95d90e\" data-element_type=\"section\">\n\t\t\t\t\t\t<div class=\"elementor-container elementor-column-gap-default\">\n\t\t\t\t\t\t\t<div class=\"elementor-row\">\n\t\t\t\t\t<div class=\"elementor-column elementor-col-25 elementor-top-column elementor-element elementor-element-3530338\" data-id=\"3530338\" data-element_type=\"column\">\n\t\t\t<div class=\"elementor-column-wrap elementor-element-populated\">\n\t\t\t\t\t\t\t<div class=\"elementor-widget-wrap\">\n\t\t\t\t\t\t<div class=\"elementor-element elementor-element-96ff334 elementor-widget elementor-widget-shortcode\" data-id=\"96ff334\" data-element_type=\"widget\" data-widget_type=\"shortcode.default\">\n\t\t\t\t<div class=\"elementor-widget-container\">\n\t\t\t\t\t<div class=\"elementor-shortcode\"><div class=\"ead-preview\"><div class=\"ead-document\" style=\"position: relative;padding-top: 90%\"><iframe src=\"\/\/view.officeapps.live.com\/op\/embed.aspx?src=https%3A%2F%2Feemkon.org.tr%2Ftest%2Fwp-content%2Fuploads%2F2021%2F09%2FKURESEL-IKLIM-DEGISIKLIGINE-BAGLI-ENERJI-POLITIKALARI-Prof.-Dr.-Orhan-SEN-.pptx\" title=\"Embedded Document\" class=\"ead-iframe\" style=\"width: 100%;height: 100%;border: none;position: absolute;left: 0;top: 0;\"><\/iframe><\/div><\/div><\/div>\n\t\t\t\t<\/div>\n\t\t\t\t<\/div>\n\t\t\t\t\t\t<\/div>\n\t\t\t\t\t<\/div>\n\t\t<\/div>\n\t\t\t\t<div class=\"elementor-column elementor-col-25 elementor-top-column elementor-element elementor-element-e9eafc2\" data-id=\"e9eafc2\" data-element_type=\"column\">\n\t\t\t<div class=\"elementor-column-wrap elementor-element-populated\">\n\t\t\t\t\t\t\t<div class=\"elementor-widget-wrap\">\n\t\t\t\t\t\t<div class=\"elementor-element elementor-element-09babff elementor-widget elementor-widget-shortcode\" data-id=\"09babff\" data-element_type=\"widget\" data-widget_type=\"shortcode.default\">\n\t\t\t\t<div class=\"elementor-widget-container\">\n\t\t\t\t\t<div class=\"elementor-shortcode\"><div class=\"ead-preview\"><div class=\"ead-document\" style=\"position: relative;padding-top: 90%\"><iframe src=\"\/\/view.officeapps.live.com\/op\/embed.aspx?src=https%3A%2F%2Feemkon.org.tr%2Ftest%2Fwp-content%2Fuploads%2F2021%2F09%2FTURKIYENIN-2026-YILI-RUZGAR-VE-GUNES-KURULU-GUC-HEDEFINI-40GW-VE-60GW-TOPLAM-KAPASITEYE-ULASTIRMA-CABALARI-Hasan-AKSOY.pptx\" title=\"Embedded Document\" class=\"ead-iframe\" style=\"width: 100%;height: 100%;border: none;position: absolute;left: 0;top: 0;\"><\/iframe><\/div><\/div><\/div>\n\t\t\t\t<\/div>\n\t\t\t\t<\/div>\n\t\t\t\t\t\t<\/div>\n\t\t\t\t\t<\/div>\n\t\t<\/div>\n\t\t\t\t<div class=\"elementor-column elementor-col-25 elementor-top-column elementor-element elementor-element-0064abb\" data-id=\"0064abb\" data-element_type=\"column\">\n\t\t\t<div class=\"elementor-column-wrap elementor-element-populated\">\n\t\t\t\t\t\t\t<div class=\"elementor-widget-wrap\">\n\t\t\t\t\t\t<div class=\"elementor-element elementor-element-3c0bda7 elementor-widget elementor-widget-shortcode\" data-id=\"3c0bda7\" data-element_type=\"widget\" data-widget_type=\"shortcode.default\">\n\t\t\t\t<div class=\"elementor-widget-container\">\n\t\t\t\t\t<div class=\"elementor-shortcode\"><div class=\"ead-preview\"><div class=\"ead-document\" style=\"position: relative;padding-top: 90%\"><iframe src=\"\/\/view.officeapps.live.com\/op\/embed.aspx?src=https%3A%2F%2Feemkon.org.tr%2Ftest%2Fwp-content%2Fuploads%2F2021%2F09%2FKURESEL-IKLIM-DEGISIKLIGININ-ZORLADIGI-SUDA-ENERJI-POLITIKALARI-ISKI-ORNEGI-Ramazan-KARAASLAN.pptx\" title=\"Embedded Document\" class=\"ead-iframe\" style=\"width: 100%;height: 100%;border: none;position: absolute;left: 0;top: 0;\"><\/iframe><\/div><\/div><\/div>\n\t\t\t\t<\/div>\n\t\t\t\t<\/div>\n\t\t\t\t\t\t<\/div>\n\t\t\t\t\t<\/div>\n\t\t<\/div>\n\t\t\t\t<div class=\"elementor-column elementor-col-25 elementor-top-column elementor-element elementor-element-cc0b484\" data-id=\"cc0b484\" data-element_type=\"column\">\n\t\t\t<div class=\"elementor-column-wrap elementor-element-populated\">\n\t\t\t\t\t\t\t<div class=\"elementor-widget-wrap\">\n\t\t\t\t\t\t<div class=\"elementor-element elementor-element-ccedf00 elementor-widget elementor-widget-shortcode\" data-id=\"ccedf00\" data-element_type=\"widget\" data-widget_type=\"shortcode.default\">\n\t\t\t\t<div class=\"elementor-widget-container\">\n\t\t\t\t\t<div class=\"elementor-shortcode\"><div class=\"ead-preview\"><div class=\"ead-document\" style=\"position: relative;padding-top: 90%\"><iframe src=\"\/\/view.officeapps.live.com\/op\/embed.aspx?src=https%3A%2F%2Feemkon.org.tr%2Ftest%2Fwp-content%2Fuploads%2F2021%2F09%2FORMAN-ALANLARININ-BITKI-ORTUSUNU-KORUMAK-VE-GELISTIRMEK-ICIN-NELER-YAPILMALI-Prof.-Dr.-Doganay-TOLUNAY.pptx\" title=\"Embedded Document\" class=\"ead-iframe\" style=\"width: 100%;height: 100%;border: none;position: absolute;left: 0;top: 0;\"><\/iframe><\/div><\/div><\/div>\n\t\t\t\t<\/div>\n\t\t\t\t<\/div>\n\t\t\t\t\t\t<\/div>\n\t\t\t\t\t<\/div>\n\t\t<\/div>\n\t\t\t\t\t\t\t\t<\/div>\n\t\t\t\t\t<\/div>\n\t\t<\/section>\n\t\t\t\t\t\t<\/div>\n\t\t\t\t\t\t<\/div>\n\t\t\t\t\t<\/div>\n\t\t","protected":false},"excerpt":{"rendered":"<p>EEMKON 2019 \u2013 ENERJ\u0130 POL\u0130T\u0130KALARI SEMPOZYUMU 1.OTURUM\u00a0 Oturum Ba\u015fkan\u0131\u00a0\u00a0\u00a0\u00a0\u00a0\u00a0\u00a0\u00a0\u00a0\u00a0\u00a0\u00a0\u00a0\u00a0 : Celal TOPRAK \u2013 Ekonomi Gazetecileri Derne\u011fi Konu\u015fmac\u0131lar\u00a0\u00a0\u00a0\u00a0\u00a0\u00a0\u00a0\u00a0\u00a0\u00a0\u00a0\u00a0\u00a0\u00a0\u00a0\u00a0\u00a0\u00a0 2018\u2019de Yay\u0131nlanan Ulusal Enerji Verimlili\u011fi Eylem Plan\u0131n\u0131n De\u011ferlendirilmesi. Fatma Dilek \u00d6ZNUR \u2013 ETKB Enerji Verimlili\u011fi Daire Ba\u015fkanl\u0131\u011f\u0131 K\u00fcresel \u0130klim De\u011fi\u015fikli\u011fine Ba\u011fl\u0131 Enerji Politikalar\u0131\u00a0 Prof. Dr. Orhan \u015eEN \u2013 \u0130T\u00dc Meteoroloji M\u00fchendisli\u011fi B\u00f6l\u00fcm\u00fc T\u00fcrkiye\u2019nin 2026 Y\u0131l\u0131 R\u00fczgar ve G\u00fcne\u015f [&hellip;]<\/p>\n","protected":false},"author":4,"featured_media":2967,"comment_status":"closed","ping_status":"open","sticky":false,"template":"","format":"video","meta":{"footnotes":""},"categories":[147],"tags":[],"class_list":["post-5896","post","type-post","status-publish","format-video","has-post-thumbnail","hentry","category-enerji-politikalari-2019","post_format-post-format-video"],"_links":{"self":[{"href":"https:\/\/eemkon.org.tr\/eemkon2019\/wp-json\/wp\/v2\/posts\/5896","targetHints":{"allow":["GET"]}}],"collection":[{"href":"https:\/\/eemkon.org.tr\/eemkon2019\/wp-json\/wp\/v2\/posts"}],"about":[{"href":"https:\/\/eemkon.org.tr\/eemkon2019\/wp-json\/wp\/v2\/types\/post"}],"author":[{"embeddable":true,"href":"https:\/\/eemkon.org.tr\/eemkon2019\/wp-json\/wp\/v2\/users\/4"}],"replies":[{"embeddable":true,"href":"https:\/\/eemkon.org.tr\/eemkon2019\/wp-json\/wp\/v2\/comments?post=5896"}],"version-history":[{"count":19,"href":"https:\/\/eemkon.org.tr\/eemkon2019\/wp-json\/wp\/v2\/posts\/5896\/revisions"}],"predecessor-version":[{"id":6651,"href":"https:\/\/eemkon.org.tr\/eemkon2019\/wp-json\/wp\/v2\/posts\/5896\/revisions\/6651"}],"wp:featuredmedia":[{"embeddable":true,"href":"https:\/\/eemkon.org.tr\/eemkon2019\/wp-json\/wp\/v2\/media\/2967"}],"wp:attachment":[{"href":"https:\/\/eemkon.org.tr\/eemkon2019\/wp-json\/wp\/v2\/media?parent=5896"}],"wp:term":[{"taxonomy":"category","embeddable":true,"href":"https:\/\/eemkon.org.tr\/eemkon2019\/wp-json\/wp\/v2\/categories?post=5896"},{"taxonomy":"post_tag","embeddable":true,"href":"https:\/\/eemkon.org.tr\/eemkon2019\/wp-json\/wp\/v2\/tags?post=5896"}],"curies":[{"name":"wp","href":"https:\/\/api.w.org\/{rel}","templated":true}]}}