{"id":5662,"date":"2021-09-19T22:10:47","date_gmt":"2021-09-19T19:10:47","guid":{"rendered":"https:\/\/eemkon.org.tr\/test\/?p=5662"},"modified":"2021-11-29T16:31:54","modified_gmt":"2021-11-29T13:31:54","slug":"eemkon-2019-calistay-algilayici-uretiminde-turkiyenin-onundeki-firsatlar-ve-kisitlar-sensorler-mems-iot","status":"publish","type":"post","link":"https:\/\/eemkon.org.tr\/eemkon2019\/eemkon-2019-calistay-algilayici-uretiminde-turkiyenin-onundeki-firsatlar-ve-kisitlar-sensorler-mems-iot\/","title":{"rendered":"EEMKON 2019 &#8211; \u00c7al\u0131\u015ftay &#8211; Alg\u0131lay\u0131c\u0131 \u00dcretiminde T\u00fcrkiye\u2019nin \u00d6n\u00fcndeki F\u0131rsatlar ve K\u0131s\u0131tlar  (sens\u00f6rler, mems, IoT)"},"content":{"rendered":"\t\t<div data-elementor-type=\"wp-post\" data-elementor-id=\"5662\" class=\"elementor elementor-5662\" data-elementor-settings=\"[]\">\n\t\t\t\t\t\t<div class=\"elementor-inner\">\n\t\t\t\t\t\t\t<div class=\"elementor-section-wrap\">\n\t\t\t\t\t\t\t<section class=\"elementor-section elementor-top-section elementor-element elementor-element-7d7f5c0 elementor-section-boxed elementor-section-height-default elementor-section-height-default\" data-id=\"7d7f5c0\" data-element_type=\"section\">\n\t\t\t\t\t\t<div class=\"elementor-container elementor-column-gap-default\">\n\t\t\t\t\t\t\t<div class=\"elementor-row\">\n\t\t\t\t\t<div class=\"elementor-column elementor-col-100 elementor-top-column elementor-element elementor-element-c4a2b90\" data-id=\"c4a2b90\" data-element_type=\"column\">\n\t\t\t<div class=\"elementor-column-wrap elementor-element-populated\">\n\t\t\t\t\t\t\t<div class=\"elementor-widget-wrap\">\n\t\t\t\t\t\t<div class=\"elementor-element elementor-element-9f99144 elementor-widget elementor-widget-text-editor\" data-id=\"9f99144\" data-element_type=\"widget\" data-widget_type=\"text-editor.default\">\n\t\t\t\t<div class=\"elementor-widget-container\">\n\t\t\t\t\t<div class=\"elementor-text-editor elementor-clearfix\"><h6><strong>EEMKON 2019 \u2013 \u0130LET\u0130\u015e\u0130M TEKNOLOJ\u0130LER\u0130 SEMPOZYUMU 6. OTURUM\u00a0\u00a0<\/strong><\/h6><h6>Oturum Ba\u015fkan\u0131<strong>\u00a0\u00a0\u00a0\u00a0\u00a0\u00a0\u00a0\u00a0\u00a0\u00a0\u00a0\u00a0\u00a0\u00a0 : Dr. Barbaros \u015eEKERKIRAN\u00a0 <\/strong><\/h6><h6><strong>Kat\u0131l\u0131mc\u0131larar<\/strong><\/h6><h6><strong>Prof. Dr. Duran LEBLEB\u0130C\u0130 &#8211; <\/strong>\u0130T\u00dc<\/h6><h6><strong>Prof. Dr. Ekmel \u00d6ZBAY \u2013 <\/strong>Bilkent \u00dcniv. Nanoteknoloji Ara\u015ft\u0131rma Merkezi Direkt\u00f6r\u00fc<\/h6><h6><strong style=\"font-size: 16px;\">Y. Suat BENG\u00dcR \u2013 <\/strong><span style=\"font-size: 16px;\">TES\u0130D<\/span><\/h6><h6><strong>Dr. Mustafa DEM\u0130RC\u0130 \u2013 <\/strong>T\u00dcB\u0130TAK Billgem Yar\u0131 \u0130letken Teknolojileri Ara\u015ft\u0131rma Laboratuvar\u0131 Proje Y\u00f6neticisi<strong>\u00a0\u00a0\u00a0\u00a0\u00a0\u00a0\u00a0\u00a0\u00a0 <\/strong><\/h6><h6><strong>Din\u00e7 A\u015eIK \u2013 <\/strong>EMPA A.\u015e. \u0130\u015f Geli\u015ftirme M\u00fcd\u00fcr\u00fc<\/h6><h6><strong>Alper \u00c7OBAN<\/strong> \u2013 EMPA A.\u015e. Pazarlama M\u00fcd\u00fcr\u00fc<\/h6><h6><strong>Hakk\u0131 Kaya OCAKA\u00c7AN \u2013 <\/strong>Elektrik M\u00fchendisleri Odas\u0131<\/h6><h6>Ve Salondan kat\u0131l\u0131mc\u0131lar.<\/h6><\/div>\n\t\t\t\t<\/div>\n\t\t\t\t<\/div>\n\t\t\t\t\t\t<\/div>\n\t\t\t\t\t<\/div>\n\t\t<\/div>\n\t\t\t\t\t\t\t\t<\/div>\n\t\t\t\t\t<\/div>\n\t\t<\/section>\n\t\t\t\t<section class=\"elementor-section elementor-top-section elementor-element elementor-element-4f27afa elementor-section-boxed elementor-section-height-default elementor-section-height-default\" data-id=\"4f27afa\" data-element_type=\"section\">\n\t\t\t\t\t\t<div class=\"elementor-container elementor-column-gap-default\">\n\t\t\t\t\t\t\t<div class=\"elementor-row\">\n\t\t\t\t\t<div class=\"elementor-column elementor-col-25 elementor-top-column elementor-element elementor-element-2713e71\" data-id=\"2713e71\" data-element_type=\"column\">\n\t\t\t<div class=\"elementor-column-wrap\">\n\t\t\t\t\t\t\t<div class=\"elementor-widget-wrap\">\n\t\t\t\t\t\t\t\t<\/div>\n\t\t\t\t\t<\/div>\n\t\t<\/div>\n\t\t\t\t<div class=\"elementor-column elementor-col-50 elementor-top-column elementor-element elementor-element-69aed20\" data-id=\"69aed20\" data-element_type=\"column\">\n\t\t\t<div class=\"elementor-column-wrap elementor-element-populated\">\n\t\t\t\t\t\t\t<div class=\"elementor-widget-wrap\">\n\t\t\t\t\t\t<div class=\"elementor-element elementor-element-066ccce elementor-aspect-ratio-43 elementor-widget elementor-widget-video\" data-id=\"066ccce\" data-element_type=\"widget\" data-settings=\"{&quot;youtube_url&quot;:&quot;https:\\\/\\\/www.youtube.com\\\/watch?v=q3ko7xD-LDY&quot;,&quot;aspect_ratio&quot;:&quot;43&quot;,&quot;video_type&quot;:&quot;youtube&quot;,&quot;controls&quot;:&quot;yes&quot;}\" data-widget_type=\"video.default\">\n\t\t\t\t<div class=\"elementor-widget-container\">\n\t\t\t\t\t<div class=\"elementor-wrapper elementor-fit-aspect-ratio elementor-open-inline\">\n\t\t\t<div class=\"elementor-video\"><\/div>\t\t<\/div>\n\t\t\t\t<\/div>\n\t\t\t\t<\/div>\n\t\t\t\t\t\t<\/div>\n\t\t\t\t\t<\/div>\n\t\t<\/div>\n\t\t\t\t<div class=\"elementor-column elementor-col-25 elementor-top-column elementor-element elementor-element-036cfa9\" data-id=\"036cfa9\" data-element_type=\"column\">\n\t\t\t<div class=\"elementor-column-wrap\">\n\t\t\t\t\t\t\t<div class=\"elementor-widget-wrap\">\n\t\t\t\t\t\t\t\t<\/div>\n\t\t\t\t\t<\/div>\n\t\t<\/div>\n\t\t\t\t\t\t\t\t<\/div>\n\t\t\t\t\t<\/div>\n\t\t<\/section>\n\t\t\t\t\t\t<\/div>\n\t\t\t\t\t\t<\/div>\n\t\t\t\t\t<\/div>\n\t\t","protected":false},"excerpt":{"rendered":"<p>EEMKON 2019 \u2013 \u0130LET\u0130\u015e\u0130M TEKNOLOJ\u0130LER\u0130 SEMPOZYUMU 6. OTURUM\u00a0\u00a0 Oturum Ba\u015fkan\u0131\u00a0\u00a0\u00a0\u00a0\u00a0\u00a0\u00a0\u00a0\u00a0\u00a0\u00a0\u00a0\u00a0\u00a0 : Dr. Barbaros \u015eEKERKIRAN\u00a0 Kat\u0131l\u0131mc\u0131larar Prof. Dr. Duran LEBLEB\u0130C\u0130 &#8211; \u0130T\u00dc Prof. Dr. Ekmel \u00d6ZBAY \u2013 Bilkent \u00dcniv. Nanoteknoloji Ara\u015ft\u0131rma Merkezi Direkt\u00f6r\u00fc Y. Suat BENG\u00dcR \u2013 TES\u0130D Dr. Mustafa DEM\u0130RC\u0130 \u2013 T\u00dcB\u0130TAK Billgem Yar\u0131 \u0130letken Teknolojileri Ara\u015ft\u0131rma Laboratuvar\u0131 Proje Y\u00f6neticisi\u00a0\u00a0\u00a0\u00a0\u00a0\u00a0\u00a0\u00a0\u00a0 Din\u00e7 A\u015eIK \u2013 EMPA A.\u015e. [&hellip;]<\/p>\n","protected":false},"author":4,"featured_media":3684,"comment_status":"closed","ping_status":"open","sticky":false,"template":"","format":"video","meta":{"footnotes":""},"categories":[148],"tags":[],"class_list":["post-5662","post","type-post","status-publish","format-video","has-post-thumbnail","hentry","category-iletisim-teknolojileri-2019","post_format-post-format-video"],"_links":{"self":[{"href":"https:\/\/eemkon.org.tr\/eemkon2019\/wp-json\/wp\/v2\/posts\/5662","targetHints":{"allow":["GET"]}}],"collection":[{"href":"https:\/\/eemkon.org.tr\/eemkon2019\/wp-json\/wp\/v2\/posts"}],"about":[{"href":"https:\/\/eemkon.org.tr\/eemkon2019\/wp-json\/wp\/v2\/types\/post"}],"author":[{"embeddable":true,"href":"https:\/\/eemkon.org.tr\/eemkon2019\/wp-json\/wp\/v2\/users\/4"}],"replies":[{"embeddable":true,"href":"https:\/\/eemkon.org.tr\/eemkon2019\/wp-json\/wp\/v2\/comments?post=5662"}],"version-history":[{"count":10,"href":"https:\/\/eemkon.org.tr\/eemkon2019\/wp-json\/wp\/v2\/posts\/5662\/revisions"}],"predecessor-version":[{"id":6720,"href":"https:\/\/eemkon.org.tr\/eemkon2019\/wp-json\/wp\/v2\/posts\/5662\/revisions\/6720"}],"wp:featuredmedia":[{"embeddable":true,"href":"https:\/\/eemkon.org.tr\/eemkon2019\/wp-json\/wp\/v2\/media\/3684"}],"wp:attachment":[{"href":"https:\/\/eemkon.org.tr\/eemkon2019\/wp-json\/wp\/v2\/media?parent=5662"}],"wp:term":[{"taxonomy":"category","embeddable":true,"href":"https:\/\/eemkon.org.tr\/eemkon2019\/wp-json\/wp\/v2\/categories?post=5662"},{"taxonomy":"post_tag","embeddable":true,"href":"https:\/\/eemkon.org.tr\/eemkon2019\/wp-json\/wp\/v2\/tags?post=5662"}],"curies":[{"name":"wp","href":"https:\/\/api.w.org\/{rel}","templated":true}]}}