{"id":5241,"date":"2021-08-29T14:25:27","date_gmt":"2021-08-29T11:25:27","guid":{"rendered":"https:\/\/eemkon.org.tr\/test\/?p=5241"},"modified":"2021-11-29T17:10:40","modified_gmt":"2021-11-29T14:10:40","slug":"eemkon-2019-kentlerde-yenilenebilir-enerji","status":"publish","type":"post","link":"https:\/\/eemkon.org.tr\/eemkon2019\/eemkon-2019-kentlerde-yenilenebilir-enerji\/","title":{"rendered":"EEMKON 2019 &#8211; Kentlerde Yenilenebilir Enerji"},"content":{"rendered":"\t\t<div data-elementor-type=\"wp-post\" data-elementor-id=\"5241\" class=\"elementor elementor-5241\" data-elementor-settings=\"[]\">\n\t\t\t\t\t\t<div class=\"elementor-inner\">\n\t\t\t\t\t\t\t<div class=\"elementor-section-wrap\">\n\t\t\t\t\t\t\t<section class=\"elementor-section elementor-top-section elementor-element elementor-element-e8646b7 elementor-section-boxed elementor-section-height-default elementor-section-height-default\" data-id=\"e8646b7\" data-element_type=\"section\">\n\t\t\t\t\t\t<div class=\"elementor-container elementor-column-gap-default\">\n\t\t\t\t\t\t\t<div class=\"elementor-row\">\n\t\t\t\t\t<div class=\"elementor-column elementor-col-100 elementor-top-column elementor-element elementor-element-4e86d93\" data-id=\"4e86d93\" data-element_type=\"column\">\n\t\t\t<div class=\"elementor-column-wrap elementor-element-populated\">\n\t\t\t\t\t\t\t<div class=\"elementor-widget-wrap\">\n\t\t\t\t\t\t<div class=\"elementor-element elementor-element-49f1989 elementor-drop-cap-yes elementor-drop-cap-view-default elementor-widget elementor-widget-text-editor\" data-id=\"49f1989\" data-element_type=\"widget\" data-settings=\"{&quot;drop_cap&quot;:&quot;yes&quot;}\" data-widget_type=\"text-editor.default\">\n\t\t\t\t<div class=\"elementor-widget-container\">\n\t\t\t\t\t<div class=\"elementor-text-editor elementor-clearfix\"><h6><strong>EEMKON 2019 \u2013 KENT VE ELEKTR\u0130K SEMPOZYUMU 8. OTURUM\u00a0\u00a0<\/strong><\/h6><h6>Oturum Ba\u015fkan\u0131\u00a0\u00a0\u00a0\u00a0\u00a0\u00a0\u00a0\u00a0\u00a0\u00a0\u00a0\u00a0\u00a0\u00a0 : <strong>Prof. Dr. Tanay S\u0131dk\u0131 UYAR<\/strong>&#8211; Marmara \u00dcniversitesi M\u00fchendislik Fak\u00fcltesi<\/h6><h6><strong>Konu\u015fmac\u0131lar\u00a0\u00a0\u00a0\u00a0\u00a0\u00a0\u00a0\u00a0\u00a0\u00a0\u00a0\u00a0\u00a0\u00a0\u00a0\u00a0\u00a0\u00a0 <\/strong><\/h6><h6><strong>\u015eehir \u00d6l\u00e7e\u011finde Enerji Modelleme: \u00c7anakkale <\/strong><\/h6><h6>Se\u00e7kin BAKIRCI &#8211; Yeni Y\u00fczy\u0131l \u00dcniversitesi Elektrik-Elektronik M\u00fchendisli\u011fi<\/h6><h6><strong>\u015eehir \u00d6l\u00e7e\u011finde Enerji Modelleme: Burdur<\/strong><\/h6><h6>Do\u011fancan BE\u015e\u0130K\u00c7\u0130 &#8211; Friterm A.\u015e.<\/h6><h6><strong>Eko-Kentler: \u0130zmir \u00d6rne\u011fi<\/strong><\/h6><h6>Dr. \u00d6\u011fr. \u00dcyesi Belgin Terim \u00c7AVKA &#8211; Ya\u015far \u00dcniversitesi Mimarl\u0131k Fak\u00fcltesi<\/h6><\/div>\n\t\t\t\t<\/div>\n\t\t\t\t<\/div>\n\t\t\t\t\t\t<\/div>\n\t\t\t\t\t<\/div>\n\t\t<\/div>\n\t\t\t\t\t\t\t\t<\/div>\n\t\t\t\t\t<\/div>\n\t\t<\/section>\n\t\t\t\t<section class=\"elementor-section elementor-top-section elementor-element elementor-element-441bfe8 elementor-section-boxed elementor-section-height-default elementor-section-height-default\" data-id=\"441bfe8\" data-element_type=\"section\">\n\t\t\t\t\t\t<div class=\"elementor-container elementor-column-gap-default\">\n\t\t\t\t\t\t\t<div class=\"elementor-row\">\n\t\t\t\t\t<div class=\"elementor-column elementor-col-66 elementor-top-column elementor-element elementor-element-588f990\" data-id=\"588f990\" data-element_type=\"column\">\n\t\t\t<div class=\"elementor-column-wrap elementor-element-populated\">\n\t\t\t\t\t\t\t<div class=\"elementor-widget-wrap\">\n\t\t\t\t\t\t<div class=\"elementor-element elementor-element-286011a elementor-aspect-ratio-169 elementor-widget elementor-widget-video\" data-id=\"286011a\" data-element_type=\"widget\" data-settings=\"{&quot;youtube_url&quot;:&quot;https:\\\/\\\/www.youtube.com\\\/watch?v=JqSkQ9GG8yE&quot;,&quot;video_type&quot;:&quot;youtube&quot;,&quot;controls&quot;:&quot;yes&quot;,&quot;aspect_ratio&quot;:&quot;169&quot;}\" data-widget_type=\"video.default\">\n\t\t\t\t<div class=\"elementor-widget-container\">\n\t\t\t\t\t<div class=\"elementor-wrapper elementor-fit-aspect-ratio elementor-open-inline\">\n\t\t\t<div class=\"elementor-video\"><\/div>\t\t<\/div>\n\t\t\t\t<\/div>\n\t\t\t\t<\/div>\n\t\t\t\t\t\t<\/div>\n\t\t\t\t\t<\/div>\n\t\t<\/div>\n\t\t\t\t<div class=\"elementor-column elementor-col-33 elementor-top-column elementor-element elementor-element-a58b217\" data-id=\"a58b217\" data-element_type=\"column\">\n\t\t\t<div class=\"elementor-column-wrap elementor-element-populated\">\n\t\t\t\t\t\t\t<div class=\"elementor-widget-wrap\">\n\t\t\t\t\t\t<div class=\"elementor-element elementor-element-50e1cc6 elementor-widget elementor-widget-shortcode\" data-id=\"50e1cc6\" data-element_type=\"widget\" data-widget_type=\"shortcode.default\">\n\t\t\t\t<div class=\"elementor-widget-container\">\n\t\t\t\t\t<div class=\"elementor-shortcode\"><div class=\"ead-preview\"><div class=\"ead-document\" style=\"position: relative;padding-top: 90%\"><iframe src=\"\/\/view.officeapps.live.com\/op\/embed.aspx?src=https%3A%2F%2Feemkon.org.tr%2Ftest%2Fwp-content%2Fuploads%2F2021%2F08%2FEKO-KENTLER-IZMIR-ORNEGI-Dr.-Ogr.-Uyesi-Belgin-TERIM-CAVKA.pptx\" title=\"Embedded Document\" class=\"ead-iframe\" style=\"width: 100%;height: 100%;border: none;position: absolute;left: 0;top: 0;\"><\/iframe><\/div><\/div><\/div>\n\t\t\t\t<\/div>\n\t\t\t\t<\/div>\n\t\t\t\t\t\t<\/div>\n\t\t\t\t\t<\/div>\n\t\t<\/div>\n\t\t\t\t\t\t\t\t<\/div>\n\t\t\t\t\t<\/div>\n\t\t<\/section>\n\t\t\t\t\t\t<\/div>\n\t\t\t\t\t\t<\/div>\n\t\t\t\t\t<\/div>\n\t\t","protected":false},"excerpt":{"rendered":"<p>EEMKON 2019 \u2013 KENT VE ELEKTR\u0130K SEMPOZYUMU 8. OTURUM\u00a0\u00a0 Oturum Ba\u015fkan\u0131\u00a0\u00a0\u00a0\u00a0\u00a0\u00a0\u00a0\u00a0\u00a0\u00a0\u00a0\u00a0\u00a0\u00a0 : Prof. Dr. Tanay S\u0131dk\u0131 UYAR&#8211; Marmara \u00dcniversitesi M\u00fchendislik Fak\u00fcltesi Konu\u015fmac\u0131lar\u00a0\u00a0\u00a0\u00a0\u00a0\u00a0\u00a0\u00a0\u00a0\u00a0\u00a0\u00a0\u00a0\u00a0\u00a0\u00a0\u00a0\u00a0 \u015eehir \u00d6l\u00e7e\u011finde Enerji Modelleme: \u00c7anakkale Se\u00e7kin BAKIRCI &#8211; Yeni Y\u00fczy\u0131l \u00dcniversitesi Elektrik-Elektronik M\u00fchendisli\u011fi \u015eehir \u00d6l\u00e7e\u011finde Enerji Modelleme: Burdur Do\u011fancan BE\u015e\u0130K\u00c7\u0130 &#8211; Friterm A.\u015e. Eko-Kentler: \u0130zmir \u00d6rne\u011fi Dr. \u00d6\u011fr. \u00dcyesi Belgin Terim \u00c7AVKA &#8211; [&hellip;]<\/p>\n","protected":false},"author":4,"featured_media":2916,"comment_status":"closed","ping_status":"open","sticky":false,"template":"","format":"video","meta":{"footnotes":""},"categories":[149],"tags":[],"class_list":["post-5241","post","type-post","status-publish","format-video","has-post-thumbnail","hentry","category-kent-ve-elektrik-2019","post_format-post-format-video"],"_links":{"self":[{"href":"https:\/\/eemkon.org.tr\/eemkon2019\/wp-json\/wp\/v2\/posts\/5241","targetHints":{"allow":["GET"]}}],"collection":[{"href":"https:\/\/eemkon.org.tr\/eemkon2019\/wp-json\/wp\/v2\/posts"}],"about":[{"href":"https:\/\/eemkon.org.tr\/eemkon2019\/wp-json\/wp\/v2\/types\/post"}],"author":[{"embeddable":true,"href":"https:\/\/eemkon.org.tr\/eemkon2019\/wp-json\/wp\/v2\/users\/4"}],"replies":[{"embeddable":true,"href":"https:\/\/eemkon.org.tr\/eemkon2019\/wp-json\/wp\/v2\/comments?post=5241"}],"version-history":[{"count":19,"href":"https:\/\/eemkon.org.tr\/eemkon2019\/wp-json\/wp\/v2\/posts\/5241\/revisions"}],"predecessor-version":[{"id":6744,"href":"https:\/\/eemkon.org.tr\/eemkon2019\/wp-json\/wp\/v2\/posts\/5241\/revisions\/6744"}],"wp:featuredmedia":[{"embeddable":true,"href":"https:\/\/eemkon.org.tr\/eemkon2019\/wp-json\/wp\/v2\/media\/2916"}],"wp:attachment":[{"href":"https:\/\/eemkon.org.tr\/eemkon2019\/wp-json\/wp\/v2\/media?parent=5241"}],"wp:term":[{"taxonomy":"category","embeddable":true,"href":"https:\/\/eemkon.org.tr\/eemkon2019\/wp-json\/wp\/v2\/categories?post=5241"},{"taxonomy":"post_tag","embeddable":true,"href":"https:\/\/eemkon.org.tr\/eemkon2019\/wp-json\/wp\/v2\/tags?post=5241"}],"curies":[{"name":"wp","href":"https:\/\/api.w.org\/{rel}","templated":true}]}}