{"id":5232,"date":"2021-08-28T23:24:41","date_gmt":"2021-08-28T20:24:41","guid":{"rendered":"https:\/\/eemkon.org.tr\/test\/?p=5232"},"modified":"2021-11-29T17:11:59","modified_gmt":"2021-11-29T14:11:59","slug":"eemkon-2019-kentlerde-yenilenebilir-enerji-kullanimi","status":"publish","type":"post","link":"https:\/\/eemkon.org.tr\/eemkon2019\/eemkon-2019-kentlerde-yenilenebilir-enerji-kullanimi\/","title":{"rendered":"EEMKON 2019 &#8211; Kentlerde Yenilenebilir Enerji Kullan\u0131m\u0131"},"content":{"rendered":"\t\t<div data-elementor-type=\"wp-post\" data-elementor-id=\"5232\" class=\"elementor elementor-5232\" data-elementor-settings=\"[]\">\n\t\t\t\t\t\t<div class=\"elementor-inner\">\n\t\t\t\t\t\t\t<div class=\"elementor-section-wrap\">\n\t\t\t\t\t\t\t<section class=\"elementor-section elementor-top-section elementor-element elementor-element-fba58cf elementor-section-boxed elementor-section-height-default elementor-section-height-default\" data-id=\"fba58cf\" data-element_type=\"section\">\n\t\t\t\t\t\t<div class=\"elementor-container elementor-column-gap-default\">\n\t\t\t\t\t\t\t<div class=\"elementor-row\">\n\t\t\t\t\t<div class=\"elementor-column elementor-col-100 elementor-top-column elementor-element elementor-element-a822068\" data-id=\"a822068\" data-element_type=\"column\">\n\t\t\t<div class=\"elementor-column-wrap elementor-element-populated\">\n\t\t\t\t\t\t\t<div class=\"elementor-widget-wrap\">\n\t\t\t\t\t\t<div class=\"elementor-element elementor-element-42674ec elementor-drop-cap-yes elementor-drop-cap-view-default elementor-widget elementor-widget-text-editor\" data-id=\"42674ec\" data-element_type=\"widget\" data-settings=\"{&quot;drop_cap&quot;:&quot;yes&quot;}\" data-widget_type=\"text-editor.default\">\n\t\t\t\t<div class=\"elementor-widget-container\">\n\t\t\t\t\t<div class=\"elementor-text-editor elementor-clearfix\"><h6><strong>EEMKON 2019 \u2013\u00a0 KENT VE ELEKTR\u0130K SEMPOZYUM 7. OTURUM\u00a0<\/strong><\/h6><h6>Oturum Ba\u015fkan\u0131\u00a0\u00a0\u00a0\u00a0\u00a0\u00a0\u00a0\u00a0\u00a0\u00a0\u00a0\u00a0\u00a0\u00a0 : <strong>Prof. Dr. Semra \u00d6ZT\u00dcRK &#8211; <\/strong>Kocaeli \u00dcniversitesi M\u00fchendislik Fak\u00fcltesi<\/h6><h6><strong>Konu\u015fmac\u0131lar<\/strong><\/h6><h6><strong>Enerjinin Etkin Kullan\u0131m\u0131 ve Y\u00fczde Y\u00fcz Yenilenebilir Enerjiye Ge\u00e7i\u015fte Kentlerde Yerel Enerji Planlamas\u0131n\u0131n \u00d6nemi<\/strong><\/h6><h6>Prof. Dr. Tanay S\u0131dk\u0131 UYAR- Marmara \u00dcniversitesi M\u00fchendislik Fak\u00fcltesi<\/h6><h6><strong>Karar Destek Ara\u00e7lar\u0131 ve Yerel Y\u00f6netim Uygulamalar\u0131<\/strong><\/h6><h6>Dr. \u00d6\u011fr. \u00dcyesi Egemen SULUKAN<strong> &#8211; <\/strong>MS\u00dc Deniz Harp Okulu Dekanl\u0131\u011f\u0131<\/h6><\/div>\n\t\t\t\t<\/div>\n\t\t\t\t<\/div>\n\t\t\t\t\t\t<\/div>\n\t\t\t\t\t<\/div>\n\t\t<\/div>\n\t\t\t\t\t\t\t\t<\/div>\n\t\t\t\t\t<\/div>\n\t\t<\/section>\n\t\t\t\t<section class=\"elementor-section elementor-top-section elementor-element elementor-element-bdd5ea8 elementor-section-boxed elementor-section-height-default elementor-section-height-default\" data-id=\"bdd5ea8\" data-element_type=\"section\">\n\t\t\t\t\t\t<div class=\"elementor-container elementor-column-gap-default\">\n\t\t\t\t\t\t\t<div class=\"elementor-row\">\n\t\t\t\t\t<div class=\"elementor-column elementor-col-16 elementor-top-column elementor-element elementor-element-ff9968d\" data-id=\"ff9968d\" data-element_type=\"column\">\n\t\t\t<div class=\"elementor-column-wrap\">\n\t\t\t\t\t\t\t<div class=\"elementor-widget-wrap\">\n\t\t\t\t\t\t\t\t<\/div>\n\t\t\t\t\t<\/div>\n\t\t<\/div>\n\t\t\t\t<div class=\"elementor-column elementor-col-66 elementor-top-column elementor-element elementor-element-a87bc1d\" data-id=\"a87bc1d\" data-element_type=\"column\">\n\t\t\t<div class=\"elementor-column-wrap elementor-element-populated\">\n\t\t\t\t\t\t\t<div class=\"elementor-widget-wrap\">\n\t\t\t\t\t\t<div class=\"elementor-element elementor-element-b139a36 elementor-aspect-ratio-169 elementor-widget elementor-widget-video\" data-id=\"b139a36\" data-element_type=\"widget\" data-settings=\"{&quot;youtube_url&quot;:&quot;https:\\\/\\\/www.youtube.com\\\/watch?v=wmNGMNnRJNM&quot;,&quot;video_type&quot;:&quot;youtube&quot;,&quot;controls&quot;:&quot;yes&quot;,&quot;aspect_ratio&quot;:&quot;169&quot;}\" data-widget_type=\"video.default\">\n\t\t\t\t<div class=\"elementor-widget-container\">\n\t\t\t\t\t<div class=\"elementor-wrapper elementor-fit-aspect-ratio elementor-open-inline\">\n\t\t\t<div class=\"elementor-video\"><\/div>\t\t<\/div>\n\t\t\t\t<\/div>\n\t\t\t\t<\/div>\n\t\t\t\t\t\t<\/div>\n\t\t\t\t\t<\/div>\n\t\t<\/div>\n\t\t\t\t<div class=\"elementor-column elementor-col-16 elementor-top-column elementor-element elementor-element-60dde66\" data-id=\"60dde66\" data-element_type=\"column\">\n\t\t\t<div class=\"elementor-column-wrap\">\n\t\t\t\t\t\t\t<div class=\"elementor-widget-wrap\">\n\t\t\t\t\t\t\t\t<\/div>\n\t\t\t\t\t<\/div>\n\t\t<\/div>\n\t\t\t\t\t\t\t\t<\/div>\n\t\t\t\t\t<\/div>\n\t\t<\/section>\n\t\t\t\t\t\t<\/div>\n\t\t\t\t\t\t<\/div>\n\t\t\t\t\t<\/div>\n\t\t","protected":false},"excerpt":{"rendered":"<p>EEMKON 2019 \u2013\u00a0 KENT VE ELEKTR\u0130K SEMPOZYUM 7. OTURUM\u00a0 Oturum Ba\u015fkan\u0131\u00a0\u00a0\u00a0\u00a0\u00a0\u00a0\u00a0\u00a0\u00a0\u00a0\u00a0\u00a0\u00a0\u00a0 : Prof. Dr. Semra \u00d6ZT\u00dcRK &#8211; Kocaeli \u00dcniversitesi M\u00fchendislik Fak\u00fcltesi Konu\u015fmac\u0131lar Enerjinin Etkin Kullan\u0131m\u0131 ve Y\u00fczde Y\u00fcz Yenilenebilir Enerjiye Ge\u00e7i\u015fte Kentlerde Yerel Enerji Planlamas\u0131n\u0131n \u00d6nemi Prof. Dr. Tanay S\u0131dk\u0131 UYAR- Marmara \u00dcniversitesi M\u00fchendislik Fak\u00fcltesi Karar Destek Ara\u00e7lar\u0131 ve Yerel Y\u00f6netim Uygulamalar\u0131 Dr. \u00d6\u011fr. \u00dcyesi [&hellip;]<\/p>\n","protected":false},"author":4,"featured_media":2956,"comment_status":"closed","ping_status":"open","sticky":false,"template":"","format":"video","meta":{"footnotes":""},"categories":[149],"tags":[],"class_list":["post-5232","post","type-post","status-publish","format-video","has-post-thumbnail","hentry","category-kent-ve-elektrik-2019","post_format-post-format-video"],"_links":{"self":[{"href":"https:\/\/eemkon.org.tr\/eemkon2019\/wp-json\/wp\/v2\/posts\/5232","targetHints":{"allow":["GET"]}}],"collection":[{"href":"https:\/\/eemkon.org.tr\/eemkon2019\/wp-json\/wp\/v2\/posts"}],"about":[{"href":"https:\/\/eemkon.org.tr\/eemkon2019\/wp-json\/wp\/v2\/types\/post"}],"author":[{"embeddable":true,"href":"https:\/\/eemkon.org.tr\/eemkon2019\/wp-json\/wp\/v2\/users\/4"}],"replies":[{"embeddable":true,"href":"https:\/\/eemkon.org.tr\/eemkon2019\/wp-json\/wp\/v2\/comments?post=5232"}],"version-history":[{"count":14,"href":"https:\/\/eemkon.org.tr\/eemkon2019\/wp-json\/wp\/v2\/posts\/5232\/revisions"}],"predecessor-version":[{"id":6747,"href":"https:\/\/eemkon.org.tr\/eemkon2019\/wp-json\/wp\/v2\/posts\/5232\/revisions\/6747"}],"wp:featuredmedia":[{"embeddable":true,"href":"https:\/\/eemkon.org.tr\/eemkon2019\/wp-json\/wp\/v2\/media\/2956"}],"wp:attachment":[{"href":"https:\/\/eemkon.org.tr\/eemkon2019\/wp-json\/wp\/v2\/media?parent=5232"}],"wp:term":[{"taxonomy":"category","embeddable":true,"href":"https:\/\/eemkon.org.tr\/eemkon2019\/wp-json\/wp\/v2\/categories?post=5232"},{"taxonomy":"post_tag","embeddable":true,"href":"https:\/\/eemkon.org.tr\/eemkon2019\/wp-json\/wp\/v2\/tags?post=5232"}],"curies":[{"name":"wp","href":"https:\/\/api.w.org\/{rel}","templated":true}]}}