{"id":2791,"date":"2020-10-23T11:37:17","date_gmt":"2020-10-23T08:37:17","guid":{"rendered":"http:\/\/eemkon.org.tr\/?p=2791"},"modified":"2021-01-25T22:05:58","modified_gmt":"2021-01-25T19:05:58","slug":"eemkon-2019-bildiriler-kitapcigi-yayinlandi","status":"publish","type":"post","link":"https:\/\/eemkon.org.tr\/eemkon2019\/eemkon-2019-bildiriler-kitapcigi-yayinlandi\/","title":{"rendered":"EEMKON 2019 Bildiriler Kitap\u00e7\u0131\u011f\u0131 Yay\u0131nland\u0131"},"content":{"rendered":"<p>14-15-16 Kas\u0131m 2019 tarihlerinde \u0130stanbul Harbiye Askeri M\u00fcze ve K\u00fclt\u00fcr Sitesi\u2019nde \u201c<strong>Elektrik Elektronik M\u00fchendisli\u011fi Kongresi 2019 (EEMKON2019)<\/strong>\u2019\u2019 yap\u0131ld\u0131.<\/p>\n<p>Yo\u011fun kat\u0131l\u0131mla ger\u00e7ekle\u015fen Kongre\u2019de;<\/p>\n<p>\u2022Elektrik ve Kontrol M\u00fchendisli\u011fi Sempozyumu<\/p>\n<p>\u2022Elektronik ve Yeni Teknolojiler Sempozyumu<\/p>\n<p>\u2022Enerji Politikalar\u0131 Sempozyumu<\/p>\n<p>\u2022Kent ve Elektrik Sempozyumu<\/p>\n<p>\u2022\u0130leti\u015fim Teknolojileri Sempozyumu<\/p>\n<p>\u2022Biyomedikal M\u00fchendisli\u011fi Sempozyumu<\/p>\n<p>\u2022M\u00fchendislik E\u011fitimi Sempozyumu<\/p>\n<p>olmak \u00fczere 7 sempozyum, sekt\u00f6r oturumlar\u0131 ve bilim kurulu de\u011ferlendirilmesi sonucu uygun bulunan bildiri oturumlar\u0131 ger\u00e7ekle\u015ftirildi. Kongre\u2019de; Elektrik \u2013 Elektronik M\u00fchendisli\u011fi (EEMKON2019) kapsam\u0131nda, d\u00fcnyada ve \u00fclkemizde h\u0131zla geli\u015fen elektrik, elektronik, kontrol ve biyomedikal m\u00fchendisli\u011fi alanlar\u0131ndaki yenilikleri payla\u015f\u0131lm\u0131\u015f, irdelenmi\u015f ve gelece\u011fe ili\u015fkin politikalar tart\u0131\u015f\u0131lm\u0131\u015ft\u0131r. \u00dclkemizden 61, Kuzey K\u0131br\u0131s T\u00fcrk Cumhuriyeti\u2019nden 6 \u00dcniversite olmak \u00fczere toplam 67 \u00dcniversite &#8211; 6 Teknokent-Teknopark-Ara\u015ft\u0131rma Merkezi &#8211; 13 Dernek \u2013 4 Medya Kurulu\u015fu \u2013 5 Belediye \u2013 24 Sponsor kongremize destek vermi\u015ftir.<\/p>\n<p>Kuzey K\u0131br\u0131s T\u00fcrk Cumhuriyeti Elektrik M\u00fchendisleri Odas\u0131 katk\u0131lar sunmu\u015flar ve bu kongrede \u00f6nemli oturumlar haz\u0131rlam\u0131\u015flard\u0131r. Meslek alanlar\u0131m\u0131z\u0131n \u00e7ok disiplinli olmas\u0131ndan dolay\u0131 \u00f6zellikle sa\u011fl\u0131k\u00e7\u0131 &#8211; m\u00fchendis ortak \u00e7al\u0131\u015fmalar\u0131n\u0131n yo\u011fun oldu\u011fu Biyomedikal alan ve Kente dair \u00e7evre, insan sa\u011fl\u0131\u011f\u0131, i\u015f g\u00fcvenli\u011fi konular\u0131nda i\u015fbirli\u011fi yapmak \u00fczere Biyomedikal M\u00fchendisli\u011fi Sempozyumu, Kent ve Elektrik Sempozyumlar\u0131nda \u0130stanbul Tabip Odas\u0131 destek sa\u011flam\u0131\u015ft\u0131r.<\/p>\n<p>Kongre\u2019de paralel oturumlarla yap\u0131lan 7 sempozyum yan\u0131 s\u0131ra; akademisyenler, y\u00fcksek lisans \u00f6\u011frencileri, kamu ve \u00f6zel kurulu\u015f temsilcilerinden olu\u015fan bildiri yazarlar\u0131 taraf\u0131ndan de\u011ferlendirilmek \u00fczere kongreye 130 bildiri g\u00f6nderilmi\u015ftir. Bilim kurulu taraf\u0131ndan bildirilerin de\u011ferlendirmesi sonucu 94 bildiri uygun bulunmu\u015f ve 24 bildiri oturumlar\u0131 ile sunulmu\u015ftur.<\/p>\n<p>Bu yay\u0131nda, Elektrik Elektronik M\u00fchendisli\u011fi Kongresi (EEMKON 2019)\u2019nde sunulan bildiriler yer almaktad\u0131r. Kongre bilim kurulu \u00fcyelerine ve kongreye bildirileri ile kat\u0131larak destek veren bildiri yazarlar\u0131na te\u015fekk\u00fcr ederiz.<\/p>\n<p>Sayg\u0131lar\u0131m\u0131zla.<\/p>\n<p><strong>EEMKON2019 Kongresi D\u00fczenleme Kurulu\u00a0<\/strong><\/p>\n<p>&nbsp;<\/p>\n<p><a href=\"http:\/\/eemkon.org.tr\/wp-content\/uploads\/2020\/01\/bildiriler-kitapc\u0327\u0131g\u0306\u0131.pdf\">EEMKON 2019 B\u0130LD\u0130R\u0130LER K\u0130TAP\u00c7I\u011eINI \u0130ND\u0130RMEK \u0130\u00c7\u0130N TIKLAYINIZ<\/a><\/p>\n","protected":false},"excerpt":{"rendered":"<p>14-15-16 Kas\u0131m 2019 tarihlerinde \u0130stanbul Harbiye Askeri M\u00fcze ve K\u00fclt\u00fcr Sitesi\u2019nde \u201cElektrik Elektronik M\u00fchendisli\u011fi Kongresi 2019 (EEMKON2019)\u2019\u2019 yap\u0131ld\u0131. Yo\u011fun kat\u0131l\u0131mla ger\u00e7ekle\u015fen Kongre\u2019de; \u2022Elektrik ve Kontrol M\u00fchendisli\u011fi Sempozyumu \u2022Elektronik ve Yeni Teknolojiler Sempozyumu \u2022Enerji Politikalar\u0131 Sempozyumu \u2022Kent ve Elektrik Sempozyumu \u2022\u0130leti\u015fim Teknolojileri Sempozyumu \u2022Biyomedikal M\u00fchendisli\u011fi Sempozyumu \u2022M\u00fchendislik E\u011fitimi Sempozyumu olmak \u00fczere 7 sempozyum, sekt\u00f6r oturumlar\u0131 ve [&hellip;]<\/p>\n","protected":false},"author":4,"featured_media":4288,"comment_status":"open","ping_status":"open","sticky":false,"template":"","format":"standard","meta":{"footnotes":""},"categories":[6],"tags":[],"class_list":["post-2791","post","type-post","status-publish","format-standard","has-post-thumbnail","hentry","category-guncel-2019"],"_links":{"self":[{"href":"https:\/\/eemkon.org.tr\/eemkon2019\/wp-json\/wp\/v2\/posts\/2791","targetHints":{"allow":["GET"]}}],"collection":[{"href":"https:\/\/eemkon.org.tr\/eemkon2019\/wp-json\/wp\/v2\/posts"}],"about":[{"href":"https:\/\/eemkon.org.tr\/eemkon2019\/wp-json\/wp\/v2\/types\/post"}],"author":[{"embeddable":true,"href":"https:\/\/eemkon.org.tr\/eemkon2019\/wp-json\/wp\/v2\/users\/4"}],"replies":[{"embeddable":true,"href":"https:\/\/eemkon.org.tr\/eemkon2019\/wp-json\/wp\/v2\/comments?post=2791"}],"version-history":[{"count":6,"href":"https:\/\/eemkon.org.tr\/eemkon2019\/wp-json\/wp\/v2\/posts\/2791\/revisions"}],"predecessor-version":[{"id":4280,"href":"https:\/\/eemkon.org.tr\/eemkon2019\/wp-json\/wp\/v2\/posts\/2791\/revisions\/4280"}],"wp:featuredmedia":[{"embeddable":true,"href":"https:\/\/eemkon.org.tr\/eemkon2019\/wp-json\/wp\/v2\/media\/4288"}],"wp:attachment":[{"href":"https:\/\/eemkon.org.tr\/eemkon2019\/wp-json\/wp\/v2\/media?parent=2791"}],"wp:term":[{"taxonomy":"category","embeddable":true,"href":"https:\/\/eemkon.org.tr\/eemkon2019\/wp-json\/wp\/v2\/categories?post=2791"},{"taxonomy":"post_tag","embeddable":true,"href":"https:\/\/eemkon.org.tr\/eemkon2019\/wp-json\/wp\/v2\/tags?post=2791"}],"curies":[{"name":"wp","href":"https:\/\/api.w.org\/{rel}","templated":true}]}}