{"id":2782,"date":"2019-11-20T17:02:58","date_gmt":"2019-11-20T14:02:58","guid":{"rendered":"http:\/\/eemkon.org.tr\/?p=2782"},"modified":"2021-01-03T14:14:42","modified_gmt":"2021-01-03T11:14:42","slug":"aksa-jenerator-eemkon-2019a-katildi","status":"publish","type":"post","link":"https:\/\/eemkon.org.tr\/eemkon2019\/aksa-jenerator-eemkon-2019a-katildi\/","title":{"rendered":"Aksa Jenerat\u00f6r EEMKON 2019&#8217;a kat\u0131ld\u0131"},"content":{"rendered":"<p class=\"selectionShareable\">ANKARA (AA) &#8211; Aksa Jenerat\u00f6r, sekt\u00f6r temsilcilerini ve akademisyenleri bir araya getiren Elektrik Elektronik M\u00fchendisli\u011fi Kongresi&#8217;ne (EEMKON 2019) kat\u0131ld\u0131.<\/p>\n<p class=\"selectionShareable\">\u015eirketten yap\u0131lan a\u00e7\u0131klamaya g\u00f6re, 14-16 Kas\u0131m&#8217;da \u0130stanbul Harbiye Askeri M\u00fcze ve K\u00fclt\u00fcr Sitesi&#8217;nde d\u00fczenlenen kongrede AKSA Jenerat\u00f6r, t\u00fcm d\u00fcnyan\u0131n kulland\u0131\u011f\u0131 yenilik\u00e7i \u00e7\u00f6z\u00fcmlerini tan\u0131tt\u0131.<\/p>\n<p class=\"selectionShareable\">A\u00e7\u0131klamada g\u00f6r\u00fc\u015flerine yer verilen Aksa Jenerat\u00f6r \u00dcst Y\u00f6neticisi (CEO) Alper Peker, EEMKON&#8217;un T\u00fcrk m\u00fchendisleri aras\u0131ndaki i\u015f birli\u011fine katk\u0131da bulundu\u011funu belirterek, &#8220;Teknolojinin damga vurdu\u011fu bir \u00e7a\u011fda ya\u015f\u0131yoruz ve \u00fclke ekonomisinin di\u011fer \u00fclkelerle yar\u0131\u015fabilir hale gelmesi i\u00e7in T\u00fcrk m\u00fchendisli\u011finin geli\u015fimi \u00e7ok b\u00fcy\u00fck \u00f6nem arz ediyor. Bu anlamda EEMKON&#8217;da bilgi ve deneyim payla\u015f\u0131m\u0131 gelecekteki ba\u015far\u0131l\u0131 projelerin altyap\u0131s\u0131n\u0131 olu\u015fturuyor.&#8221; ifadelerini kulland\u0131.<\/p>\n<p class=\"selectionShareable\">Aksa Jenerat\u00f6r&#8217;\u00fcn 2025 y\u0131l\u0131na kadar d\u00fcnyada en b\u00fcy\u00fck ilk \u00fc\u00e7 \u00fcretici firmadan biri olma hedefiyle \u00e7al\u0131\u015ft\u0131\u011f\u0131n\u0131 ve bunun i\u00e7in Ar-Ge \u00e7al\u0131\u015fmalar\u0131na \u00f6nem verdiklerinin alt\u0131n\u0131 \u00e7izen Peker, &#8220;Y\u00fcksek teknolojik \u00fcr\u00fcnlerimizle markam\u0131z\u0131 b\u00fcy\u00fct\u00fcrken T\u00fcrk m\u00fchendisli\u011fini de ihra\u00e7 ediyoruz.&#8221; de\u011ferlendirmesinde bulundu.<\/p>\n<p class=\"selectionShareable\">Aksa Jenerat\u00f6r Pazarlama M\u00fcd\u00fcr\u00fc Ergun Y\u0131lmaz ise Aksa&#8217;n\u0131n \u0130stanbul Havaliman\u0131, Gana Kotoka Havaliman\u0131, A\u015fkabat Olimpiyat Kompleksi gibi dev projelerde yer ald\u0131\u011f\u0131na dikkati \u00e7ekerek, Ar-Ge yat\u0131r\u0131mlar\u0131yla farkl\u0131 pazar ve sekt\u00f6rlerin ihtiya\u00e7lar\u0131na yan\u0131t veren yenilik\u00e7i \u00fcr\u00fcnler ger\u00e7ekle\u015ftirdiklerini kaydetti.<\/p>\n<p>&nbsp;<\/p>\n<p><em>https:\/\/www.aa.com.tr\/tr\/sirkethaberleri\/enerji\/aksa-jenerator-eemkon-2019a-katildi\/654315<\/em><\/p>\n","protected":false},"excerpt":{"rendered":"<p>ANKARA (AA) &#8211; Aksa Jenerat\u00f6r, sekt\u00f6r temsilcilerini ve akademisyenleri bir araya getiren Elektrik Elektronik M\u00fchendisli\u011fi Kongresi&#8217;ne (EEMKON 2019) kat\u0131ld\u0131. \u015eirketten yap\u0131lan a\u00e7\u0131klamaya g\u00f6re, 14-16 Kas\u0131m&#8217;da \u0130stanbul Harbiye Askeri M\u00fcze ve K\u00fclt\u00fcr Sitesi&#8217;nde d\u00fczenlenen kongrede AKSA Jenerat\u00f6r, t\u00fcm d\u00fcnyan\u0131n kulland\u0131\u011f\u0131 yenilik\u00e7i \u00e7\u00f6z\u00fcmlerini tan\u0131tt\u0131. A\u00e7\u0131klamada g\u00f6r\u00fc\u015flerine yer verilen Aksa Jenerat\u00f6r \u00dcst Y\u00f6neticisi (CEO) Alper Peker, EEMKON&#8217;un T\u00fcrk [&hellip;]<\/p>\n","protected":false},"author":4,"featured_media":2783,"comment_status":"open","ping_status":"open","sticky":false,"template":"","format":"standard","meta":{"footnotes":""},"categories":[6],"tags":[],"class_list":["post-2782","post","type-post","status-publish","format-standard","has-post-thumbnail","hentry","category-guncel-2019"],"_links":{"self":[{"href":"https:\/\/eemkon.org.tr\/eemkon2019\/wp-json\/wp\/v2\/posts\/2782","targetHints":{"allow":["GET"]}}],"collection":[{"href":"https:\/\/eemkon.org.tr\/eemkon2019\/wp-json\/wp\/v2\/posts"}],"about":[{"href":"https:\/\/eemkon.org.tr\/eemkon2019\/wp-json\/wp\/v2\/types\/post"}],"author":[{"embeddable":true,"href":"https:\/\/eemkon.org.tr\/eemkon2019\/wp-json\/wp\/v2\/users\/4"}],"replies":[{"embeddable":true,"href":"https:\/\/eemkon.org.tr\/eemkon2019\/wp-json\/wp\/v2\/comments?post=2782"}],"version-history":[{"count":3,"href":"https:\/\/eemkon.org.tr\/eemkon2019\/wp-json\/wp\/v2\/posts\/2782\/revisions"}],"predecessor-version":[{"id":2788,"href":"https:\/\/eemkon.org.tr\/eemkon2019\/wp-json\/wp\/v2\/posts\/2782\/revisions\/2788"}],"wp:featuredmedia":[{"embeddable":true,"href":"https:\/\/eemkon.org.tr\/eemkon2019\/wp-json\/wp\/v2\/media\/2783"}],"wp:attachment":[{"href":"https:\/\/eemkon.org.tr\/eemkon2019\/wp-json\/wp\/v2\/media?parent=2782"}],"wp:term":[{"taxonomy":"category","embeddable":true,"href":"https:\/\/eemkon.org.tr\/eemkon2019\/wp-json\/wp\/v2\/categories?post=2782"},{"taxonomy":"post_tag","embeddable":true,"href":"https:\/\/eemkon.org.tr\/eemkon2019\/wp-json\/wp\/v2\/tags?post=2782"}],"curies":[{"name":"wp","href":"https:\/\/api.w.org\/{rel}","templated":true}]}}