{"id":2770,"date":"2019-11-20T16:46:28","date_gmt":"2019-11-20T13:46:28","guid":{"rendered":"http:\/\/eemkon.org.tr\/?p=2770"},"modified":"2021-01-03T14:14:32","modified_gmt":"2021-01-03T11:14:32","slug":"itu-elektrik-elektronik-muhendisligi-kongresi-2019da","status":"publish","type":"post","link":"https:\/\/eemkon.org.tr\/eemkon2019\/itu-elektrik-elektronik-muhendisligi-kongresi-2019da\/","title":{"rendered":"\u0130T\u00dc Elektrik-Elektronik M\u00fchendisli\u011fi Kongresi 2019\u2019da"},"content":{"rendered":"<p>\u0130stanbul Teknik \u00dcniversitesi (\u0130T\u00dc) Elektrik-Elektronik M\u00fchendisli\u011fi Kongresi EEMKON 2019\u2019da yerini ald\u0131. 70\u2019e yak\u0131n \u00fcniversitenin katk\u0131 sundu\u011fu kongrede, \u0130T\u00dc\u2019l\u00fc akademisyenlerin Elektrik, Elektronik, Bili\u015fim Sistemleri, Kontrol ve Biyomedikal M\u00fchendisli\u011fi alanlar\u0131ndaki yeniliklerle ilgili yapt\u0131\u011f\u0131 sunumlar ilgiyle izlendi.<\/p>\n<p><img loading=\"lazy\" decoding=\"async\" class=\"alignnone size-full wp-image-2774\" src=\"http:\/\/eemkon.org.tr\/wp-content\/uploads\/2019\/11\/eemkon-5-1.jpg\" alt=\"\" width=\"650\" height=\"433\" srcset=\"https:\/\/eemkon.org.tr\/eemkon2019\/wp-content\/uploads\/2019\/11\/eemkon-5-1.jpg 650w, https:\/\/eemkon.org.tr\/eemkon2019\/wp-content\/uploads\/2019\/11\/eemkon-5-1-300x200.jpg 300w\" sizes=\"auto, (max-width: 650px) 100vw, 650px\" \/><\/p>\n<p>Elektrik M\u00fchendisleri Odas\u0131 \u0130stanbul \u015eubesi taraf\u0131ndan d\u00fczenlenen Elektrik-Elektronik M\u00fchendisli\u011fi Kongresi 2019 (EEMKON 2019), 14-16 Kas\u0131m 2019 tarihlerinde \u0130stanbul Harbiye Askeri M\u00fcze K\u00fclt\u00fcr Sitesinde ger\u00e7ekle\u015ftirildi. Kongrede M\u00fchendislik E\u011fitimi, Enerji Politikalar\u0131, Kent ve Elektrik, Elektronik ve Yeni Teknolojiler, \u0130leti\u015fim Teknolojileri, Elektrik ve Kontrol M\u00fchendisli\u011fi Sempozyumu, Biyomedikal M\u00fchendisli\u011fi ba\u015fl\u0131klar\u0131 alt\u0131nda 7 oturumda sempozyumlar d\u00fczenlendi.\u00a0<img loading=\"lazy\" decoding=\"async\" class=\"alignnone size-full wp-image-2775\" src=\"http:\/\/eemkon.org.tr\/wp-content\/uploads\/2019\/11\/eemkon-4.jpg\" alt=\"\" width=\"650\" height=\"433\" srcset=\"https:\/\/eemkon.org.tr\/eemkon2019\/wp-content\/uploads\/2019\/11\/eemkon-4.jpg 650w, https:\/\/eemkon.org.tr\/eemkon2019\/wp-content\/uploads\/2019\/11\/eemkon-4-300x200.jpg 300w\" sizes=\"auto, (max-width: 650px) 100vw, 650px\" \/><\/p>\n<p><strong>Kuantum teknolojileriyle ilgili laboratuvar \u0130T\u00dc\u2019de a\u00e7\u0131lacak<\/strong><\/p>\n<p>Elektrik M\u00fchendisleri Odas\u0131 \u0130stanbul \u015eubesi\u2019nin iki y\u0131lda bir d\u00fczenledi\u011fi kongrede, d\u00fcnyada ve \u00fclkemizde h\u0131zla geli\u015fen elektrik, elektronik, kontrol ve biyomedikal m\u00fchendisli\u011fi alanlar\u0131ndaki yenilikler payla\u015f\u0131larak gelece\u011fe ili\u015fkin politikalara y\u00f6n verildi.<\/p>\n<p><img loading=\"lazy\" decoding=\"async\" class=\"alignnone size-full wp-image-2776\" src=\"http:\/\/eemkon.org.tr\/wp-content\/uploads\/2019\/11\/eemkon-1.jpg\" alt=\"\" width=\"650\" height=\"433\" srcset=\"https:\/\/eemkon.org.tr\/eemkon2019\/wp-content\/uploads\/2019\/11\/eemkon-1.jpg 650w, https:\/\/eemkon.org.tr\/eemkon2019\/wp-content\/uploads\/2019\/11\/eemkon-1-300x200.jpg 300w\" sizes=\"auto, (max-width: 650px) 100vw, 650px\" \/><\/p>\n<p>EEMKON 2019 kongresinin mesleki a\u00e7\u0131dan \u00f6nemli katk\u0131lar yaratan bir organizasyon oldu\u011funu aktaran \u0130T\u00dc Elektrik ve Elektrik Fak\u00fcltesi Dekan\u0131 Prof. Dr. Serhat \u015eeker, kongrede bili\u015fsel sistemlerin ve kuantum teknolojilerinin \u00f6n plana \u00e7\u0131kmas\u0131nda \u0130T\u00dc\u2019n\u00fcn taleplerinin dikkate al\u0131nd\u0131\u011f\u0131n\u0131 ifade etti. Kuantum teknolojilerinin d\u00fcnyada h\u0131zl\u0131 bir \u015fekilde geli\u015fti\u011fini, T\u00fcrkiye\u2019de bu konuda fark\u0131ndal\u0131k yaratmak istediklerini s\u00f6yleyen Prof. Dr. \u015eeker bu alanla ilgili laboratuvar\u0131n 1-2 ay i\u00e7erisinde \u0130T\u00dc\u2019de a\u00e7\u0131laca\u011f\u0131n\u0131n m\u00fcjdesini verdi. \u015eeker \u201cKuantum teknolojilerinin iki \u00f6nemli \u00f6zelli\u011fi var. Teknoloji ve toplum \u00fczerindeki etkisi diyebiliriz. Toplum \u00fczerindeki etkisi manip\u00fclasyonlara a\u00e7\u0131k bulunuyor. Bu konuyu bilimsel bir dille anlatamazsak toplumumuz bilimsel ve ak\u0131lc\u0131l\u0131ktan uzak bir mecralara \u00e7ekilmi\u015f olacak. \u0130T\u00dc Elektrik ve Elektrik Fak\u00fcltesi bu i\u015fi kendisine g\u00f6rev edindi. \u015eu an bu topluluk ile akademik ortamda payla\u015f\u0131yoruz. \u00c7ok yak\u0131n zamanda biz burada payla\u015ft\u0131klar\u0131m\u0131z\u0131 reel alanda da yapmaya y\u00f6nelik giri\u015fimlerimiz olacak. \u00c7ok k\u0131sa bir s\u00fcre i\u00e7erisinde kuantum algoritmalarla ilgili bir bilimsel ortam\u0131 \u0130T\u00dc EEF b\u00fcnyesinde kurmu\u015f olaca\u011f\u0131z. \u00c7al\u0131\u015fma gruplar\u0131m\u0131z\u0131 olu\u015fturduk. Devletimizin farkl\u0131 kurulu\u015flar\u0131ndan ve sekt\u00f6rden katk\u0131larda gelmeye ba\u015flad\u0131.\u201d diye konu\u015ftu.<\/p>\n<p><img loading=\"lazy\" decoding=\"async\" class=\"alignnone size-full wp-image-2777\" src=\"http:\/\/eemkon.org.tr\/wp-content\/uploads\/2019\/11\/eemkon-3.jpg\" alt=\"\" width=\"650\" height=\"433\" srcset=\"https:\/\/eemkon.org.tr\/eemkon2019\/wp-content\/uploads\/2019\/11\/eemkon-3.jpg 650w, https:\/\/eemkon.org.tr\/eemkon2019\/wp-content\/uploads\/2019\/11\/eemkon-3-300x200.jpg 300w\" sizes=\"auto, (max-width: 650px) 100vw, 650px\" \/><\/p>\n<p><strong>\u201cKuantum teknolojisi mevcut bilgisayar sistemleri savunmas\u0131z hale getirecek.\u201d<\/strong><\/p>\n<p>Kongrenin ikinci g\u00fcn\u00fcnde kuantum teknolojileriyle ilgili bir sunum yapan, \u0130T\u00dc Elektrik ve Elektrik Fak\u00fcltesi \u00d6\u011fr. G\u00f6r. Dr. Deniz T\u00fcrkpen\u00e7e ise kuantum teknolojisiyle ilgili \u015fu ifadeleri kulland\u0131: \u201cD\u00fcnyada kuantum teknolojileri h\u0131zla geli\u015firken m\u00fchendisli\u011fin kuantum fizi\u011fi ve kuantum teknolojileri ile entegrasyonu problemi daha s\u0131k g\u00fcndeme gelmeye ba\u015flad\u0131. Kuantum teknolojilerinden biri olan kuantum bilgisayar ve bu tip bilgisayarlarda \u00e7al\u0131\u015fabilen kuantum algoritmalar \u00e7ok uzun say\u0131lar\u0131 \u00e7arpanlara ayr\u0131lmas\u0131n\u0131 dakikalar mertebesinde olanakl\u0131 k\u0131l\u0131yor. Bu olanak, bu tip say\u0131lar\u0131 pratikte \u00e7arpanlara ay\u0131ramayan g\u00fcn\u00fcm\u00fcz bilgisayarlar\u0131 ile \u00e7al\u0131\u015fan pek \u00e7ok \u015fifreleme sistemini savunmas\u0131z hale getiriyor. Bunun yan\u0131nda kuantum g\u00fcvenli haberle\u015fme, kuantum kriptoloji, kuantum rassal say\u0131 \u00fcrete\u00e7leri, &#8216;Kuantum telenakil&#8217; gibi teknolojilerde \u00f6n\u00fcm\u00fczdeki y\u0131llarda d\u00fcnyay\u0131 de\u011fi\u015ftirecek gibi g\u00f6r\u00fcn\u00fcyor. Bu ba\u011flamda, kuantum teknolojilerinin fark\u0131ndal\u0131\u011f\u0131n\u0131 artt\u0131rmak amac\u0131yla \u0130T\u00dc, EEMKON kongresinde 2 konu\u015fmac\u0131 ile 3 ayr\u0131 sunum yaparak bu konuya m\u00fchendislik alan\u0131nda ilgisini ortaya koydu.\u201d<\/p>\n<p><img loading=\"lazy\" decoding=\"async\" class=\"alignnone size-full wp-image-2778\" src=\"http:\/\/eemkon.org.tr\/wp-content\/uploads\/2019\/11\/eemkon-2.jpg\" alt=\"\" width=\"650\" height=\"433\" srcset=\"https:\/\/eemkon.org.tr\/eemkon2019\/wp-content\/uploads\/2019\/11\/eemkon-2.jpg 650w, https:\/\/eemkon.org.tr\/eemkon2019\/wp-content\/uploads\/2019\/11\/eemkon-2-300x200.jpg 300w\" sizes=\"auto, (max-width: 650px) 100vw, 650px\" \/><\/p>\n<p><span class=\"metin\">Kongrede yurti\u00e7inden ve yurtd\u0131\u015f\u0131ndan davetli konu\u015fmac\u0131lar taraf\u0131ndan oturumlar d\u00fczenlenerek sunulan bildirilerde kat\u0131l\u0131mc\u0131lara bilgiler verildi. Firmalar kongrede sergi alanlar\u0131 ile yerini ald\u0131.<br \/>\n<\/span><\/p>\n<p><span class=\"metin\">Haber ve Foto\u011fraf:\u00a0<a href=\"http:\/\/ipd.itu.edu.tr\/ofisler\/kurumsal-iletisim-ofisi\" target=\"_blank\" rel=\"noopener\">\u0130T\u00dc Kurumsal \u0130leti\u015fim Ofisi<\/a><\/span><\/p>\n<p><em>http:\/\/www.itu.edu.tr\/itu-hakkinda\/haberler\/2019\/11\/19\/i-tu-elektrik-elektronik-m%C3%BChendisligi-kongresi-(eemkon)-2019-da<\/em><\/p>\n","protected":false},"excerpt":{"rendered":"<p>\u0130stanbul Teknik \u00dcniversitesi (\u0130T\u00dc) Elektrik-Elektronik M\u00fchendisli\u011fi Kongresi EEMKON 2019\u2019da yerini ald\u0131. 70\u2019e yak\u0131n \u00fcniversitenin katk\u0131 sundu\u011fu kongrede, \u0130T\u00dc\u2019l\u00fc akademisyenlerin Elektrik, Elektronik, Bili\u015fim Sistemleri, Kontrol ve Biyomedikal M\u00fchendisli\u011fi alanlar\u0131ndaki yeniliklerle ilgili yapt\u0131\u011f\u0131 sunumlar ilgiyle izlendi. Elektrik M\u00fchendisleri Odas\u0131 \u0130stanbul \u015eubesi taraf\u0131ndan d\u00fczenlenen Elektrik-Elektronik M\u00fchendisli\u011fi Kongresi 2019 (EEMKON 2019), 14-16 Kas\u0131m 2019 tarihlerinde \u0130stanbul Harbiye Askeri M\u00fcze [&hellip;]<\/p>\n","protected":false},"author":4,"featured_media":2781,"comment_status":"open","ping_status":"open","sticky":false,"template":"","format":"standard","meta":{"footnotes":""},"categories":[6],"tags":[],"class_list":["post-2770","post","type-post","status-publish","format-standard","has-post-thumbnail","hentry","category-guncel-2019"],"_links":{"self":[{"href":"https:\/\/eemkon.org.tr\/eemkon2019\/wp-json\/wp\/v2\/posts\/2770","targetHints":{"allow":["GET"]}}],"collection":[{"href":"https:\/\/eemkon.org.tr\/eemkon2019\/wp-json\/wp\/v2\/posts"}],"about":[{"href":"https:\/\/eemkon.org.tr\/eemkon2019\/wp-json\/wp\/v2\/types\/post"}],"author":[{"embeddable":true,"href":"https:\/\/eemkon.org.tr\/eemkon2019\/wp-json\/wp\/v2\/users\/4"}],"replies":[{"embeddable":true,"href":"https:\/\/eemkon.org.tr\/eemkon2019\/wp-json\/wp\/v2\/comments?post=2770"}],"version-history":[{"count":4,"href":"https:\/\/eemkon.org.tr\/eemkon2019\/wp-json\/wp\/v2\/posts\/2770\/revisions"}],"predecessor-version":[{"id":2780,"href":"https:\/\/eemkon.org.tr\/eemkon2019\/wp-json\/wp\/v2\/posts\/2770\/revisions\/2780"}],"wp:featuredmedia":[{"embeddable":true,"href":"https:\/\/eemkon.org.tr\/eemkon2019\/wp-json\/wp\/v2\/media\/2781"}],"wp:attachment":[{"href":"https:\/\/eemkon.org.tr\/eemkon2019\/wp-json\/wp\/v2\/media?parent=2770"}],"wp:term":[{"taxonomy":"category","embeddable":true,"href":"https:\/\/eemkon.org.tr\/eemkon2019\/wp-json\/wp\/v2\/categories?post=2770"},{"taxonomy":"post_tag","embeddable":true,"href":"https:\/\/eemkon.org.tr\/eemkon2019\/wp-json\/wp\/v2\/tags?post=2770"}],"curies":[{"name":"wp","href":"https:\/\/api.w.org\/{rel}","templated":true}]}}