{"id":2762,"date":"2019-11-19T16:22:24","date_gmt":"2019-11-19T13:22:24","guid":{"rendered":"http:\/\/eemkon.org.tr\/?p=2762"},"modified":"2021-01-25T22:06:36","modified_gmt":"2021-01-25T19:06:36","slug":"eemkon-2019-kongresi-tesekkur-mesaji","status":"publish","type":"post","link":"https:\/\/eemkon.org.tr\/eemkon2019\/eemkon-2019-kongresi-tesekkur-mesaji\/","title":{"rendered":"EEMKON 2019 Kongresi Te\u015fekk\u00fcr Mesaj\u0131"},"content":{"rendered":"<p>Elektrik Elektronik M\u00fchendisli\u011fi Kongresi 2019 (EEMKON 2019) 14-15-16 Kas\u0131m 2019 tarihlerinde Harbiye Askeri M\u00fcze ve K\u00fclt\u00fcr Sitesinde yo\u011fun kat\u0131l\u0131m ve ba\u015far\u0131 ile ger\u00e7ekle\u015fmi\u015ftir.<\/p>\n<p>Kongrenin d\u00fczenlenmesinde ve ba\u015far\u0131 ile sonu\u00e7lanmas\u0131nda desteklerini ve katk\u0131lar\u0131n\u0131 sunan;<\/p>\n<p>Kongre payda\u015flar\u0131m\u0131z ve a\u00e7\u0131l\u0131\u015f konu\u015fmalar\u0131nda yer alarak bizi onurland\u0131ran \u0130stanbul Tabip Odas\u0131 Y\u00f6netim Kuruluna ve Y\u00f6netim Kurulu \u00dcyesi Say\u0131n Prof. Dr. Rukiye EKER \u00d6MERO\u011eLU\u2019na, Kuzey K\u0131br\u0131s T\u00fcrk Cumhuriyeti KTMMOB Elektrik M\u00fchendisleri Odas\u0131 Y\u00f6netim Kuruluna ve Y\u00f6netim Kurulu Ba\u015fkan\u0131 Say\u0131n G\u00f6rkem \u00c7EL\u0130K\u2019e, deste\u011fini esirgemeyen \u015ei\u015fli Belediye Ba\u015fkan\u0131 Say\u0131n Muammer KESK\u0130N\u2019e,<\/p>\n<p>D\u00fczenleme Kurulu \u00fcyelerine, Y\u00fcr\u00fctme Kurulu \u00fcyelerine, Bilim Kurulu \u00fcyelerine, destekleyen \u00fcniversitelere, akademisyenlere, kamu kurum ve kurulu\u015flar\u0131na, belediyelere, yurt d\u0131\u015f\u0131 ve yurt i\u00e7inden konu\u015fmac\u0131lara, destekleyen teknokent \u2013 teknopark \u2013 ara\u015ft\u0131rma merkezlerine, destekleyen meslek kurulu\u015flar\u0131na, destekleyen derneklere, destekleyen medya kurulu\u015flar\u0131na, sekt\u00f6r kurulu\u015flar\u0131na, kongrede bulunan bas\u0131n emek\u00e7ilerine, zorlu ekonomik ko\u015fullara ra\u011fmen katk\u0131 sunan ana sponsor ve sponsorlara, kongre kat\u0131l\u0131mc\u0131lar\u0131na, \u00fcniversitelerden kat\u0131lan gen\u00e7 m\u00fchendis aday\u0131 \u00f6\u011frencilere, \u00fcyelerimize, meslekta\u015flar\u0131m\u0131za, Kuzey K\u0131br\u0131s T\u00fcrk Cumhuriyeti&#8217;nden kongreye kat\u0131lan KTMMOB EMO \u00fcyelerine ve t\u00fcm kongre ve kat\u0131l\u0131mc\u0131lar\u0131na,<\/p>\n<p>Kongrede bulunan ve bize destek olan EMO \u015eubelerinin Y\u00f6netim Kurullar\u0131na, EMO Oda Y\u00f6netim Kuruluna, EMO \u0130stanbul \u015eubesi Y\u00f6netim Kuruluna, EMO Kurullar\u0131na ve EMO \u00d6rg\u00fctl\u00fcl\u00fc\u011f\u00fcne,<\/p>\n<p>Kongrenin ve organizasyonun ba\u015far\u0131ya ula\u015fmas\u0131 i\u00e7in kongre alanlar\u0131nda \u00fcst\u00fcn gayret sarf eden EMO \u0130stanbul \u015eubesi ve Oda personellerine ve EMO Gen\u00e7 \u00fcyelerine te\u015fekk\u00fcr ediyoruz.<\/p>\n<p>Sayg\u0131lar\u0131m\u0131zla,<\/p>\n<p><strong>41.D\u00f6nem Elektrik M\u00fchendisleri Odas\u0131 \u0130stanbul \u015eubesi Y.K. ad\u0131na<\/strong><\/p>\n<p><strong>Y\u00f6netim Kurulu Ba\u015fkan\u0131<\/strong><\/p>\n<p><strong>Erol CELEPSOY\u00a0 <\/strong><\/p>\n<p><strong>\u00a0<\/strong><\/p>\n<p><strong>EEMKON 2019 Kongre D\u00fczenleme Kurulu Ba\u015fkan\u0131<\/strong><\/p>\n<p><strong style=\"font-family: -apple-system, BlinkMacSystemFont, 'Segoe UI', Roboto, Oxygen-Sans, Ubuntu, Cantarell, 'Helvetica Neue', sans-serif;\">F. Kemal \u00d6ZO\u011eUZ<\/strong><\/p>\n<p><strong>\u00a0<\/strong><\/p>\n<p><strong>EEMKON 2019 Kongre Sekreteri<\/strong><\/p>\n<p><strong>S\u0131dd\u0131ka \u00d6DEL<\/strong><\/p>\n<p>&nbsp;<\/p>\n<p><strong>\u00a0<\/strong><strong>Not: <\/strong>EEMKON 2019 Kongresi ve daha sonra yap\u0131lacak olan EEMKON Kongresi i\u00e7in ele\u015ftiri, g\u00f6r\u00fc\u015f ve \u00f6nerilerinizi <u>istanbul@emo.org.tr<\/u> elektronik posta adresine yapman\u0131zdan memnun olaca\u011f\u0131z.<\/p>\n","protected":false},"excerpt":{"rendered":"<p>Elektrik Elektronik M\u00fchendisli\u011fi Kongresi 2019 (EEMKON 2019) 14-15-16 Kas\u0131m 2019 tarihlerinde Harbiye Askeri M\u00fcze ve K\u00fclt\u00fcr Sitesinde yo\u011fun kat\u0131l\u0131m ve ba\u015far\u0131 ile ger\u00e7ekle\u015fmi\u015ftir. Kongrenin d\u00fczenlenmesinde ve ba\u015far\u0131 ile sonu\u00e7lanmas\u0131nda desteklerini ve katk\u0131lar\u0131n\u0131 sunan; Kongre payda\u015flar\u0131m\u0131z ve a\u00e7\u0131l\u0131\u015f konu\u015fmalar\u0131nda yer alarak bizi onurland\u0131ran \u0130stanbul Tabip Odas\u0131 Y\u00f6netim Kuruluna ve Y\u00f6netim Kurulu \u00dcyesi Say\u0131n Prof. Dr. Rukiye [&hellip;]<\/p>\n","protected":false},"author":4,"featured_media":4409,"comment_status":"open","ping_status":"open","sticky":false,"template":"","format":"standard","meta":{"footnotes":""},"categories":[6],"tags":[],"class_list":["post-2762","post","type-post","status-publish","format-standard","has-post-thumbnail","hentry","category-guncel-2019"],"_links":{"self":[{"href":"https:\/\/eemkon.org.tr\/eemkon2019\/wp-json\/wp\/v2\/posts\/2762","targetHints":{"allow":["GET"]}}],"collection":[{"href":"https:\/\/eemkon.org.tr\/eemkon2019\/wp-json\/wp\/v2\/posts"}],"about":[{"href":"https:\/\/eemkon.org.tr\/eemkon2019\/wp-json\/wp\/v2\/types\/post"}],"author":[{"embeddable":true,"href":"https:\/\/eemkon.org.tr\/eemkon2019\/wp-json\/wp\/v2\/users\/4"}],"replies":[{"embeddable":true,"href":"https:\/\/eemkon.org.tr\/eemkon2019\/wp-json\/wp\/v2\/comments?post=2762"}],"version-history":[{"count":1,"href":"https:\/\/eemkon.org.tr\/eemkon2019\/wp-json\/wp\/v2\/posts\/2762\/revisions"}],"predecessor-version":[{"id":2765,"href":"https:\/\/eemkon.org.tr\/eemkon2019\/wp-json\/wp\/v2\/posts\/2762\/revisions\/2765"}],"wp:featuredmedia":[{"embeddable":true,"href":"https:\/\/eemkon.org.tr\/eemkon2019\/wp-json\/wp\/v2\/media\/4409"}],"wp:attachment":[{"href":"https:\/\/eemkon.org.tr\/eemkon2019\/wp-json\/wp\/v2\/media?parent=2762"}],"wp:term":[{"taxonomy":"category","embeddable":true,"href":"https:\/\/eemkon.org.tr\/eemkon2019\/wp-json\/wp\/v2\/categories?post=2762"},{"taxonomy":"post_tag","embeddable":true,"href":"https:\/\/eemkon.org.tr\/eemkon2019\/wp-json\/wp\/v2\/tags?post=2762"}],"curies":[{"name":"wp","href":"https:\/\/api.w.org\/{rel}","templated":true}]}}