{"id":2665,"date":"2019-09-28T11:47:57","date_gmt":"2019-09-28T08:47:57","guid":{"rendered":"http:\/\/eemkon.org.tr\/?p=2665"},"modified":"2021-01-03T14:14:06","modified_gmt":"2021-01-03T11:14:06","slug":"kongreye-davet","status":"publish","type":"post","link":"https:\/\/eemkon.org.tr\/eemkon2019\/kongreye-davet\/","title":{"rendered":"Kongreye Davet"},"content":{"rendered":"<p>Elektrik M\u00fchendisleri Odas\u0131 \u0130stanbul \u015eubesi taraf\u0131ndan Elektrik-Elektronik M\u00fchendisli\u011fi Kongresi 2019 (EEMKON 2019), <strong>14-16 Kas\u0131m 2019<\/strong> tarihlerinde <strong>\u0130stanbul Harbiye Askeri M\u00fcze K\u00fclt\u00fcr Sitesinde<\/strong> yap\u0131lacakt\u0131r.<\/p>\n<p>Kongrede a\u015fa\u011f\u0131da belirtilen 7 adet Sempozyum paralel oturumlarla ger\u00e7ekle\u015fecektir.<\/p>\n<ul>\n<li>M\u00fchendislik E\u011fitimi Sempozyumu<\/li>\n<li>Enerji Politikalar\u0131 Sempozyumu<\/li>\n<li>Kent ve Elektrik Sempozyumu<\/li>\n<li>Elektronik ve Yeni Teknolojiler Sempozyumu<\/li>\n<li>\u0130leti\u015fim Teknolojileri Sempozyumu<\/li>\n<li>Elektrik ve Kontrol M\u00fchendisli\u011fi Sempozyumu<\/li>\n<li>Biyomedikal M\u00fchendisli\u011fi Sempozyumu<\/li>\n<\/ul>\n<p>14-16 Kas\u0131m 2019 tarihlerinde yap\u0131lacak olan EEMKON 2019 Kongre format\u0131nda \u00e7e\u015fitli oturumlar, bildiri oturumlar\u0131, yurti\u00e7i ve yurtd\u0131\u015f\u0131ndan davetli konu\u015fmac\u0131lar, sergi alanlar\u0131 ve sosyal etkinlikler bulunmaktad\u0131r.<\/p>\n<p>Kongre\u2019nin amac\u0131; Elektrik \u2013 Elektronik M\u00fchendisli\u011fi (EEMKON2019) kapsam\u0131nda, d\u00fcnyada ve \u00fclkemizde h\u0131zla geli\u015fen elektrik, elektronik, kontrol ve biyomedikal m\u00fchendisli\u011fi alanlar\u0131ndaki yenilikleri payla\u015facak, irdeleyecek ve gelece\u011fe ili\u015fkin politikalar\u0131 tart\u0131\u015fmakt\u0131r. Bilim kurulu de\u011ferlendirmesi sonucu sunulacak bildiri oturumlar\u0131 ile akademik \u00e7al\u0131\u015fmalar\u0131n kongrede yer almas\u0131n\u0131 ve yay\u0131nlanmas\u0131n\u0131 sa\u011flamakt\u0131r.<\/p>\n<p><strong>Kongreye izleyici olarak kat\u0131lmak \u00fccretsizdir.<\/strong><\/p>\n<p>Oda Y\u00f6netim Kurulu ad\u0131na \u015fubemizin ger\u00e7ekle\u015ftirece\u011fi EEMKON 2019 Kongresini; \u00fclkemiz, meslekta\u015flar\u0131m\u0131z, \u00fcniversite \u00f6\u011frencileri, mesleki faaliyetlerimiz ve kamusal g\u00f6revlerimiz a\u00e7\u0131s\u0131ndan \u00f6nemsemekteyiz.<\/p>\n<p>Meslekta\u015flar\u0131m\u0131z\u0131n, kamu kurumlar\u0131n\u0131n, \u00fcniversitelerin, akademisyenlerin, meslek odalar\u0131n\u0131n, teknokentlerin \u2013 teknoparklar\u0131n, sekt\u00f6r kurulu\u015flar\u0131n, sekt\u00f6r derneklerin ve \u00fcniversite \u00f6\u011frencilerinin kongremize kat\u0131larak verecekleri destek, mesle\u011fimizin oldu\u011fu kadar \u00fclkemizin bilim ve teknoloji alanlar\u0131ndaki birikimi g\u00fcncelleyerek geli\u015ftirmeye, zenginle\u015ftirmeye yapaca\u011f\u0131 katk\u0131 a\u00e7\u0131s\u0131ndan da \u00f6nem ta\u015f\u0131maktad\u0131r.<\/p>\n<p>Mesle\u011fimize ve meslekta\u015flar\u0131m\u0131za de\u011fer katacak bu etkinlikte sizleri aram\u0131zda g\u00f6rmek bizi onurland\u0131racakt\u0131r.<\/p>\n<p>Sayg\u0131lar\u0131m\u0131zla,<\/p>\n<p>&nbsp;<\/p>\n<p><em>EMO \u0130stanbul \u015eubesi Y\u00f6netim Kurulu Ba\u015fkan\u0131<\/em><\/p>\n<p><strong>Erol CELEPSOY<\/strong><\/p>\n<p>&nbsp;<\/p>\n<p><em>EEMKON2019 Kongre D\u00fczenleme Kurulu Ba\u015fkan\u0131\u00a0\u00a0\u00a0\u00a0\u00a0\u00a0\u00a0\u00a0\u00a0\u00a0\u00a0\u00a0\u00a0\u00a0\u00a0\u00a0\u00a0\u00a0\u00a0\u00a0\u00a0\u00a0\u00a0\u00a0\u00a0\u00a0\u00a0\u00a0\u00a0<\/em><\/p>\n<p><strong>Faik Kemal \u00d6ZO\u011eUZ<\/strong><\/p>\n","protected":false},"excerpt":{"rendered":"<p>Elektrik M\u00fchendisleri Odas\u0131 \u0130stanbul \u015eubesi taraf\u0131ndan Elektrik-Elektronik M\u00fchendisli\u011fi Kongresi 2019 (EEMKON 2019), 14-16 Kas\u0131m 2019 tarihlerinde \u0130stanbul Harbiye Askeri M\u00fcze K\u00fclt\u00fcr Sitesinde yap\u0131lacakt\u0131r. Kongrede a\u015fa\u011f\u0131da belirtilen 7 adet Sempozyum paralel oturumlarla ger\u00e7ekle\u015fecektir. M\u00fchendislik E\u011fitimi Sempozyumu Enerji Politikalar\u0131 Sempozyumu Kent ve Elektrik Sempozyumu Elektronik ve Yeni Teknolojiler Sempozyumu \u0130leti\u015fim Teknolojileri Sempozyumu Elektrik ve Kontrol M\u00fchendisli\u011fi Sempozyumu [&hellip;]<\/p>\n","protected":false},"author":4,"featured_media":2666,"comment_status":"open","ping_status":"open","sticky":false,"template":"","format":"standard","meta":{"footnotes":""},"categories":[1],"tags":[],"class_list":["post-2665","post","type-post","status-publish","format-standard","has-post-thumbnail","hentry","category-genel"],"_links":{"self":[{"href":"https:\/\/eemkon.org.tr\/eemkon2019\/wp-json\/wp\/v2\/posts\/2665","targetHints":{"allow":["GET"]}}],"collection":[{"href":"https:\/\/eemkon.org.tr\/eemkon2019\/wp-json\/wp\/v2\/posts"}],"about":[{"href":"https:\/\/eemkon.org.tr\/eemkon2019\/wp-json\/wp\/v2\/types\/post"}],"author":[{"embeddable":true,"href":"https:\/\/eemkon.org.tr\/eemkon2019\/wp-json\/wp\/v2\/users\/4"}],"replies":[{"embeddable":true,"href":"https:\/\/eemkon.org.tr\/eemkon2019\/wp-json\/wp\/v2\/comments?post=2665"}],"version-history":[{"count":3,"href":"https:\/\/eemkon.org.tr\/eemkon2019\/wp-json\/wp\/v2\/posts\/2665\/revisions"}],"predecessor-version":[{"id":2669,"href":"https:\/\/eemkon.org.tr\/eemkon2019\/wp-json\/wp\/v2\/posts\/2665\/revisions\/2669"}],"wp:featuredmedia":[{"embeddable":true,"href":"https:\/\/eemkon.org.tr\/eemkon2019\/wp-json\/wp\/v2\/media\/2666"}],"wp:attachment":[{"href":"https:\/\/eemkon.org.tr\/eemkon2019\/wp-json\/wp\/v2\/media?parent=2665"}],"wp:term":[{"taxonomy":"category","embeddable":true,"href":"https:\/\/eemkon.org.tr\/eemkon2019\/wp-json\/wp\/v2\/categories?post=2665"},{"taxonomy":"post_tag","embeddable":true,"href":"https:\/\/eemkon.org.tr\/eemkon2019\/wp-json\/wp\/v2\/tags?post=2665"}],"curies":[{"name":"wp","href":"https:\/\/api.w.org\/{rel}","templated":true}]}}