{"id":2329,"date":"2019-07-12T17:23:40","date_gmt":"2019-07-12T14:23:40","guid":{"rendered":"http:\/\/eemkon.org.tr\/?p=2329"},"modified":"2021-01-03T13:40:07","modified_gmt":"2021-01-03T10:40:07","slug":"emkon-2019-duzenleme-kurulu-ii-toplantisi-gerceklestirildi","status":"publish","type":"post","link":"https:\/\/eemkon.org.tr\/eemkon2019\/emkon-2019-duzenleme-kurulu-ii-toplantisi-gerceklestirildi\/","title":{"rendered":"EEMKON 2019 D\u00fczenleme Kurulu II. Toplant\u0131s\u0131 Ger\u00e7ekle\u015ftirildi"},"content":{"rendered":"\r\n\r\nToplant\u0131s\u0131 06 Temmuz 2019\r\ntarihinde \u0130T\u00dc \u0130dris Yamant\u00fcrk Konferans Salonunda ger\u00e7ekle\u015ftirildi. Toplant\u0131n\u0131n\r\ng\u00fcndem maddeleri \u015f\u00f6yle;\r\n\r\n\r\n\r\n\r\n<ol class=\"wp-block-list\">\r\n \t<li>A\u00e7\u0131l\u0131\u015f\r\nKonu\u015fmas\u0131<\/li>\r\n \t<li>EEMKON\r\n2019 Kongre Genel Bilgilendirmesi<\/li>\r\n \t<li>Sempozyum\r\nY\u00fcr\u00fctme Kurullar\u0131 \u00c7al\u0131\u015fma Raporlar\u0131n\u0131n Sunulmas\u0131<\/li>\r\n \t<li>Sempozyum\r\nY\u00fcr\u00fctme Kurullar\u0131 \u00c7al\u0131\u015fma Raporlar\u0131n\u0131n De\u011ferlendirilmesi ve G\u00f6r\u00fc\u015flerin Al\u0131nmas\u0131<\/li>\r\n \t<li>Kongre\r\nGenel Konular\u0131n\u0131n De\u011ferlendirmesi<\/li>\r\n<\/ol>\r\n\r\n\r\n\r\n\r\nEEMKON 2019 D\u00fczenleme\r\nKurulu Ba\u015fkan\u0131 F. Kemal \u00d6zo\u011fuz toplant\u0131ya kat\u0131lanlara ve eme\u011fi ge\u00e7enlere\r\nte\u015fekk\u00fcr ederek toplant\u0131 a\u00e7\u0131l\u0131\u015f konu\u015fmas\u0131 i\u00e7in EMO \u0130stanbul \u015eube Ba\u015fkan\u0131 Erol\r\nCelepsoy\u2019u davet etti.\r\n\r\n\r\n\r\n\r\n\r\nEEMKON 2019 D\u00fczenleme\r\nKurulu Toplant\u0131s\u0131 EMO \u0130stanbul \u015eubesi YK Ba\u015fkan\u0131 Erol Celepsoy&#8217;un a\u00e7\u0131l\u0131\u015f\r\nkonu\u015fmas\u0131yla ba\u015flad\u0131. \u00d6ncelikle toplant\u0131da bulunan Prof. Dr. Mithat \u0130demen,\r\nProf. Dr. Hasan Din\u00e7er ve Prof. Dr. Fuat G\u00fcrleyen\u2019e, kongreye destekleri ve yer\r\ntahsisi konusundaki yard\u0131mlar\u0131ndan dolay\u0131 \u0130T\u00dc Elektrik-Elektronik Fak\u00fcltesi\r\nDekan\u0131 Prof. Dr. Serhat \u015eeker ve y\u00f6neticilere, toplant\u0131ya kat\u0131lan d\u00fczenleme\r\nkurulu \u00fcyelerine ve kongre ve bilgi \u015f\u00f6leni programlar\u0131n\u0131n y\u00fcr\u00fct\u00fcc\u00fcl\u00fc\u011f\u00fcn\u00fc yapan bilgi\r\n\u015f\u00f6leni y\u00fcr\u00fctme kurulu \u00fcyelerine te\u015fekk\u00fcrlerini iletti.\r\n\r\n\r\n\r\n\r\n\r\nEEMKON 2019 hakk\u0131nda\r\nk\u0131sa bir bilgilendirmede bulunan Celepsoy ba\u015far\u0131l\u0131 bir d\u00fczenleme kurulu\r\ntoplant\u0131s\u0131 temennisinde bulundu.\r\n\r\n\r\n\r\n\r\n\r\nA\u00e7\u0131l\u0131\u015f konu\u015fmas\u0131n\u0131n\r\nard\u0131ndan ikinci g\u00fcndeme ge\u00e7ildi. \u00a0EEMKON\r\n2019 Kongre sekreteri S\u0131dd\u0131ka \u00d6del taraf\u0131ndan, bug\u00fcne kadar yap\u0131lan \u00e7al\u0131\u015fmalara\r\nili\u015fkin sunum ger\u00e7ekle\u015ftirildi. Sunumda kongre d\u00fczenleme ve y\u00fcr\u00fctme kurulu\r\n\u00fcyelerinin da\u011f\u0131l\u0131m\u0131, destekleyen \u00fcniversiteler, kurumlar ve kurulu\u015flar ile\r\ndernekler hakk\u0131nda genel bilgi verdi.\r\n\r\n\r\n\r\n\r\n\r\nS\u0131dd\u0131ka \u00d6del\u2019in sunumu\r\nsonras\u0131 \u00fc\u00e7\u00fcnc\u00fc g\u00fcndeme ge\u00e7ildi.\r\n\r\n\r\n\r\n\r\n\r\nBiyomedikal M\u00fchendisli\u011fi\r\nSempozyumu Taslak Program\u0131 Sempozyum Y\u00fcr\u00fctme Kurulu Ba\u015fkan\u0131 Dr. \u00d6\u011fretim\r\nG\u00f6revlisi \u0130pek \u015een ve Sempozyum Raport\u00f6r\u00fc Mehmet Ali Ar\u0131c\u0131 taraf\u0131ndan,\r\n\r\n\r\n\r\n\r\n\r\nElektrik ve Kontrol\r\nSempozyumu Taslak Program\u0131 Sempozyum Y\u00fcr\u00fctme Kurulu Ba\u015fkan\u0131 Prof. Dr. Galip\r\nCansever taraf\u0131ndan,\r\n\r\n\r\n\r\n\r\n\r\nElektronik ve Yeni\r\nTeknolojiler Sempozyumu Taslak Program\u0131 Sempozyum Y\u00fcr\u00fctme Kurulu Ba\u015fkan\r\nYard\u0131mc\u0131s\u0131 Hakk\u0131 Kaya Ocaka\u00e7an taraf\u0131ndan,\r\n\r\n\r\n\r\n\r\n\r\n\u0130leti\u015fim Teknolojileri\r\nSempozyumu Taslak Program\u0131 Sempozyum Y\u00fcr\u00fctme Kurulu Ba\u015fkan\u0131 Hakk\u0131 Kaya Ocaka\u00e7an\r\ntaraf\u0131ndan\r\n\r\n\r\n\r\n\r\n\r\nKent ve Elektrik\r\nSempozyumu Taslak Program\u0131 Sempozyum Y\u00fcr\u00fctme Kurulu Ba\u015fkan\u0131 Prof. Dr. \u00d6zcan\r\nKalenderli taraf\u0131ndan,\r\n\r\n\r\n\r\n\r\n\r\nM\u00fchendislik E\u011fitimi\r\nSempozyum Taslak Program\u0131 Sempozyum Y\u00fcr\u00fctme Kurulu Ba\u015fkan\u0131 Ara\u015ft\u0131rma G\u00f6revlisi\r\nTuba Ayhan taraf\u0131ndan,\r\n\r\n\r\n\r\n\r\n\r\nEnerji Politikalar\u0131\r\nSempozyum Taslak Program\u0131 Sempozyum Raport\u00f6r\u00fc Berk \u015eeker taraf\u0131ndan sunuldu.\r\n\r\n\r\n\r\n\r\n\r\nSunumlar\u0131n ard\u0131ndan\r\nSempozyum Taslak Programlar\u0131na ili\u015fkin de\u011ferlendirme ve g\u00f6r\u00fc\u015fler al\u0131nd\u0131.\r\n\r\n\r\n\r\n\r\n\r\nD\u00fczenleme Kurulu \u00fcyesi Ara\u015ft\u0131rma\r\nG\u00f6revlisi Tuba Ayhan taraf\u0131ndan y\u00fcksek lisans tezlerinin EEMKON 2019 Program\u0131\r\ni\u00e7erisinde yer alabilmesi i\u00e7in \u00f6neri getirildi.\r\n\r\n\r\n\r\n\r\n\r\nD\u00fczenleme Kurulu \u00fcyesi\r\nProf. Dr. \u00d6zcan Kalenderli taraf\u0131ndan bildirilerin sa\u011fl\u0131kl\u0131 bir \u015fekilde\r\nduyurulmas\u0131 i\u00e7in meslek alan\u0131m\u0131zdaki akademisyenlerin e-postalar\u0131n\u0131n tespit\r\nedilerek duyurular\u0131n yap\u0131lmas\u0131n\u0131n \u00f6nemi vurguland\u0131. Ayr\u0131ca bildirilerin kabul\r\nve de\u011ferlendirilme tarihlerinin tekrar g\u00f6zden ge\u00e7irilerek ileri bir tarihe\r\nal\u0131nmas\u0131 konusunda \u00f6neri getirildi.\r\n\r\n\r\n\r\n\r\n\r\nSempozyum konular\u0131na\r\nili\u015fkin d\u00fczenleme kurulu \u00fcyeleri taraf\u0131ndan \u00f6neri isimler toplant\u0131da sunuldu.\r\n\r\n\r\n\r\n\r\n\r\nYap\u0131lan g\u00f6r\u00fc\u015f ve\r\n\u00f6nerilerin ard\u0131ndan toplant\u0131n\u0131n son g\u00fcndemi olan Kongre Genel Konular\u0131n\u0131n\r\nDe\u011ferlendirilmesine ge\u00e7ildi. EEMKON 2019 D\u00fczenleme Kurulu Ba\u015fkan\u0131 F. Kemal\r\n\u00d6zo\u011fuz taraf\u0131ndan b\u00fct\u00e7e ve yap\u0131lmas\u0131 gereken \u00e7al\u0131\u015fmalar konusunda bilgi\r\nverildi. Verilen bilgiler sonras\u0131nda toplant\u0131 kat\u0131l\u0131mc\u0131lar\u0131na ve \u00e7al\u0131\u015fmalar\u0131\r\ny\u00fcr\u00fcten kongre y\u00fcr\u00fctme kurulu \u00fcyelerine te\u015fekk\u00fcr etti.\r\n\r\n\r\n\r\n\r\n\r\nEEMKON D\u00fczenleme Kurulu\r\n2. Toplant\u0131s\u0131 toplu foto\u011fraf \u00e7ekimi ile sona erdi.\r\n\r\n\r\n\r\n\r\n<ul class=\"wp-block-gallery columns-3 is-cropped wp-block-gallery-1 is-layout-flex wp-block-gallery-is-layout-flex\">\r\n \t<li class=\"blocks-gallery-item\">\r\n<figure><img loading=\"lazy\" decoding=\"async\" width=\"960\" height=\"466\" class=\"wp-image-2330\" src=\"http:\/\/eemkon.org.tr\/wp-content\/uploads\/2019\/07\/1.jpg\" alt=\"\" data-id=\"2330\" data-link=\"http:\/\/eemkon.org.tr\/?attachment_id=2330\" srcset=\"https:\/\/eemkon.org.tr\/eemkon2019\/wp-content\/uploads\/2019\/07\/1.jpg 960w, https:\/\/eemkon.org.tr\/eemkon2019\/wp-content\/uploads\/2019\/07\/1-300x146.jpg 300w, https:\/\/eemkon.org.tr\/eemkon2019\/wp-content\/uploads\/2019\/07\/1-768x373.jpg 768w, https:\/\/eemkon.org.tr\/eemkon2019\/wp-content\/uploads\/2019\/07\/1-750x364.jpg 750w\" sizes=\"auto, (max-width: 960px) 100vw, 960px\" \/><\/figure>\r\n<\/li>\r\n \t<li class=\"blocks-gallery-item\">\r\n<figure><img loading=\"lazy\" decoding=\"async\" width=\"960\" height=\"466\" class=\"wp-image-2331\" src=\"http:\/\/eemkon.org.tr\/wp-content\/uploads\/2019\/07\/2.jpg\" alt=\"\" data-id=\"2331\" data-link=\"http:\/\/eemkon.org.tr\/?attachment_id=2331\" srcset=\"https:\/\/eemkon.org.tr\/eemkon2019\/wp-content\/uploads\/2019\/07\/2.jpg 960w, https:\/\/eemkon.org.tr\/eemkon2019\/wp-content\/uploads\/2019\/07\/2-300x146.jpg 300w, https:\/\/eemkon.org.tr\/eemkon2019\/wp-content\/uploads\/2019\/07\/2-768x373.jpg 768w, https:\/\/eemkon.org.tr\/eemkon2019\/wp-content\/uploads\/2019\/07\/2-750x364.jpg 750w\" sizes=\"auto, (max-width: 960px) 100vw, 960px\" \/><\/figure>\r\n<\/li>\r\n \t<li class=\"blocks-gallery-item\">\r\n<figure><img loading=\"lazy\" decoding=\"async\" width=\"960\" height=\"720\" class=\"wp-image-2332\" src=\"http:\/\/eemkon.org.tr\/wp-content\/uploads\/2019\/07\/3.jpg\" alt=\"\" data-id=\"2332\" data-link=\"http:\/\/eemkon.org.tr\/?attachment_id=2332\" srcset=\"https:\/\/eemkon.org.tr\/eemkon2019\/wp-content\/uploads\/2019\/07\/3.jpg 960w, https:\/\/eemkon.org.tr\/eemkon2019\/wp-content\/uploads\/2019\/07\/3-300x225.jpg 300w, https:\/\/eemkon.org.tr\/eemkon2019\/wp-content\/uploads\/2019\/07\/3-768x576.jpg 768w, https:\/\/eemkon.org.tr\/eemkon2019\/wp-content\/uploads\/2019\/07\/3-750x563.jpg 750w\" sizes=\"auto, (max-width: 960px) 100vw, 960px\" \/><\/figure>\r\n<\/li>\r\n \t<li class=\"blocks-gallery-item\">\r\n<figure><img loading=\"lazy\" decoding=\"async\" width=\"960\" height=\"466\" class=\"wp-image-2333\" src=\"http:\/\/eemkon.org.tr\/wp-content\/uploads\/2019\/07\/4.jpg\" alt=\"\" data-id=\"2333\" data-link=\"http:\/\/eemkon.org.tr\/?attachment_id=2333\" srcset=\"https:\/\/eemkon.org.tr\/eemkon2019\/wp-content\/uploads\/2019\/07\/4.jpg 960w, https:\/\/eemkon.org.tr\/eemkon2019\/wp-content\/uploads\/2019\/07\/4-300x146.jpg 300w, https:\/\/eemkon.org.tr\/eemkon2019\/wp-content\/uploads\/2019\/07\/4-768x373.jpg 768w, https:\/\/eemkon.org.tr\/eemkon2019\/wp-content\/uploads\/2019\/07\/4-750x364.jpg 750w\" sizes=\"auto, (max-width: 960px) 100vw, 960px\" \/><\/figure>\r\n<\/li>\r\n \t<li class=\"blocks-gallery-item\">\r\n<figure><img loading=\"lazy\" decoding=\"async\" width=\"960\" height=\"540\" class=\"wp-image-2334\" src=\"http:\/\/eemkon.org.tr\/wp-content\/uploads\/2019\/07\/5.jpg\" alt=\"\" data-id=\"2334\" data-link=\"http:\/\/eemkon.org.tr\/?attachment_id=2334\" srcset=\"https:\/\/eemkon.org.tr\/eemkon2019\/wp-content\/uploads\/2019\/07\/5.jpg 960w, https:\/\/eemkon.org.tr\/eemkon2019\/wp-content\/uploads\/2019\/07\/5-300x169.jpg 300w, https:\/\/eemkon.org.tr\/eemkon2019\/wp-content\/uploads\/2019\/07\/5-768x432.jpg 768w, https:\/\/eemkon.org.tr\/eemkon2019\/wp-content\/uploads\/2019\/07\/5-750x422.jpg 750w\" sizes=\"auto, (max-width: 960px) 100vw, 960px\" \/><\/figure>\r\n<\/li>\r\n<\/ul>\r\n","protected":false},"excerpt":{"rendered":"<p>Toplant\u0131s\u0131 06 Temmuz 2019 tarihinde \u0130T\u00dc \u0130dris Yamant\u00fcrk Konferans Salonunda ger\u00e7ekle\u015ftirildi. Toplant\u0131n\u0131n g\u00fcndem maddeleri \u015f\u00f6yle; A\u00e7\u0131l\u0131\u015f Konu\u015fmas\u0131 EEMKON 2019 Kongre Genel Bilgilendirmesi Sempozyum Y\u00fcr\u00fctme Kurullar\u0131 \u00c7al\u0131\u015fma Raporlar\u0131n\u0131n Sunulmas\u0131 Sempozyum Y\u00fcr\u00fctme Kurullar\u0131 \u00c7al\u0131\u015fma Raporlar\u0131n\u0131n De\u011ferlendirilmesi ve G\u00f6r\u00fc\u015flerin Al\u0131nmas\u0131 Kongre Genel Konular\u0131n\u0131n De\u011ferlendirmesi EEMKON 2019 D\u00fczenleme Kurulu Ba\u015fkan\u0131 F. Kemal \u00d6zo\u011fuz toplant\u0131ya kat\u0131lanlara ve eme\u011fi ge\u00e7enlere te\u015fekk\u00fcr [&hellip;]<\/p>\n","protected":false},"author":4,"featured_media":2331,"comment_status":"closed","ping_status":"closed","sticky":false,"template":"","format":"standard","meta":{"footnotes":""},"categories":[121],"tags":[],"class_list":["post-2329","post","type-post","status-publish","format-standard","has-post-thumbnail","hentry","category-duzenleme-kurulu-2019"],"_links":{"self":[{"href":"https:\/\/eemkon.org.tr\/eemkon2019\/wp-json\/wp\/v2\/posts\/2329","targetHints":{"allow":["GET"]}}],"collection":[{"href":"https:\/\/eemkon.org.tr\/eemkon2019\/wp-json\/wp\/v2\/posts"}],"about":[{"href":"https:\/\/eemkon.org.tr\/eemkon2019\/wp-json\/wp\/v2\/types\/post"}],"author":[{"embeddable":true,"href":"https:\/\/eemkon.org.tr\/eemkon2019\/wp-json\/wp\/v2\/users\/4"}],"replies":[{"embeddable":true,"href":"https:\/\/eemkon.org.tr\/eemkon2019\/wp-json\/wp\/v2\/comments?post=2329"}],"version-history":[{"count":4,"href":"https:\/\/eemkon.org.tr\/eemkon2019\/wp-json\/wp\/v2\/posts\/2329\/revisions"}],"predecessor-version":[{"id":2499,"href":"https:\/\/eemkon.org.tr\/eemkon2019\/wp-json\/wp\/v2\/posts\/2329\/revisions\/2499"}],"wp:featuredmedia":[{"embeddable":true,"href":"https:\/\/eemkon.org.tr\/eemkon2019\/wp-json\/wp\/v2\/media\/2331"}],"wp:attachment":[{"href":"https:\/\/eemkon.org.tr\/eemkon2019\/wp-json\/wp\/v2\/media?parent=2329"}],"wp:term":[{"taxonomy":"category","embeddable":true,"href":"https:\/\/eemkon.org.tr\/eemkon2019\/wp-json\/wp\/v2\/categories?post=2329"},{"taxonomy":"post_tag","embeddable":true,"href":"https:\/\/eemkon.org.tr\/eemkon2019\/wp-json\/wp\/v2\/tags?post=2329"}],"curies":[{"name":"wp","href":"https:\/\/api.w.org\/{rel}","templated":true}]}}