{"id":1692,"date":"2019-02-04T16:44:08","date_gmt":"2019-02-04T13:44:08","guid":{"rendered":"http:\/\/eemkon.org.tr\/?p=1692"},"modified":"2019-05-27T11:32:14","modified_gmt":"2019-05-27T08:32:14","slug":"sempozyum-yurutme-kurullari-toplantilara-basladi","status":"publish","type":"post","link":"https:\/\/eemkon.org.tr\/eemkon2019\/sempozyum-yurutme-kurullari-toplantilara-basladi\/","title":{"rendered":"Sempozyum Y\u00fcr\u00fctme Kurullar\u0131 Toplant\u0131lara Ba\u015flad\u0131"},"content":{"rendered":"\n<ul class=\"wp-block-list\"><li>Biyomedikal Sempozyumu, EEMKON 2017 Kongresinde oldu\u011fu gibi \u0130stanbul Tabip Odas\u0131 ile birlikte d\u00fczenlenecek. Sempozyum Y\u00fcr\u00fctme Kurulu birinci toplant\u0131s\u0131n\u0131 9 Ocak 2019 tarihinde yapt\u0131. \u0130kinci toplant\u0131s\u0131 5 \u015eubat 2019 tarihinde ger\u00e7ekle\u015ftirilecek.<\/li><li>Elektrik ve Kontrol Sempozyum Y\u00fcr\u00fctme Kurulu ilk toplant\u0131s\u0131n\u0131 18 Aral\u0131k 2018 g\u00fcn\u00fc, ikinci toplant\u0131s\u0131n\u0131 7 Ocak 2019 tarihinde yapt\u0131. \u00dc\u00e7\u00fcnc\u00fc toplant\u0131s\u0131n\u0131 11 \u015eubat 2019 tarihinde yapacak.<\/li><li>Enerji Politikalar\u0131 Sempozyumu Y\u00fcr\u00fctme Kurulu birinci toplant\u0131s\u0131n\u0131 14 Ocak 2019 tarihinde yapt\u0131. \u0130kinci Toplant\u0131s\u0131n\u0131 11 \u015eubat 2019 tarihinde yapacak.<\/li><\/ul>\n\n\n\n<ul class=\"wp-block-list\"><li>Kent ve Elektrik Sempozyumu Y\u00fcr\u00fctme Kurulu ilk toplant\u0131s\u0131n\u0131 18 Aral\u0131k 2018 g\u00fcn\u00fc, ikinci toplant\u0131s\u0131n\u0131 10 Ocak 2019 tarihinde yapt\u0131. \u00dc\u00e7\u00fcnc\u00fc toplant\u0131s\u0131n\u0131 13 \u015eubat 2019 tarihinde yapacak.<\/li><li>Elektronik Sanayi Sempozyumu i\u00e7in akademisyenlerle \u00f6n g\u00f6r\u00fc\u015fme ve \u00e7al\u0131\u015fmalar s\u00fcrmektedir. Y\u00fcr\u00fctme Kurulu ilk toplant\u0131s\u0131n\u0131 \u015eubat ay\u0131nda yapacak.<\/li><li>M\u00fchendislik E\u011fitimi Sempozyumu Y\u00fcr\u00fctme Kurulu ilk toplant\u0131s\u0131n\u0131  <br>9 Ocak 2019 tarihinde yapt\u0131. \u0130kinci toplant\u0131s\u0131n\u0131 6 \u015eubat 2019 tarihinde yapacak.<\/li><li>\u0130leti\u015fim Teknolojileri Sempozyumu i\u00e7in \u00f6n g\u00f6r\u00fc\u015fmeler s\u00fcrmektedir. Y\u00fcr\u00fctme Kurulu ilk toplant\u0131s\u0131n\u0131 \u015eubat ay\u0131nda yapacak.<\/li><\/ul>\n","protected":false},"excerpt":{"rendered":"<p>Biyomedikal Sempozyumu, EEMKON 2017 Kongresinde oldu\u011fu gibi \u0130stanbul Tabip Odas\u0131 ile birlikte d\u00fczenlenecek. Sempozyum Y\u00fcr\u00fctme Kurulu birinci toplant\u0131s\u0131n\u0131 9 Ocak 2019 tarihinde yapt\u0131. \u0130kinci toplant\u0131s\u0131 5 \u015eubat 2019 tarihinde ger\u00e7ekle\u015ftirilecek. Elektrik ve Kontrol Sempozyum Y\u00fcr\u00fctme Kurulu ilk toplant\u0131s\u0131n\u0131 18 Aral\u0131k 2018 g\u00fcn\u00fc, ikinci toplant\u0131s\u0131n\u0131 7 Ocak 2019 tarihinde yapt\u0131. \u00dc\u00e7\u00fcnc\u00fc toplant\u0131s\u0131n\u0131 11 \u015eubat 2019 tarihinde [&hellip;]<\/p>\n","protected":false},"author":4,"featured_media":1693,"comment_status":"closed","ping_status":"closed","sticky":false,"template":"","format":"standard","meta":{"footnotes":""},"categories":[6,120],"tags":[],"class_list":["post-1692","post","type-post","status-publish","format-standard","has-post-thumbnail","hentry","category-guncel-2019","category-yurutme-kurulu-2019"],"_links":{"self":[{"href":"https:\/\/eemkon.org.tr\/eemkon2019\/wp-json\/wp\/v2\/posts\/1692","targetHints":{"allow":["GET"]}}],"collection":[{"href":"https:\/\/eemkon.org.tr\/eemkon2019\/wp-json\/wp\/v2\/posts"}],"about":[{"href":"https:\/\/eemkon.org.tr\/eemkon2019\/wp-json\/wp\/v2\/types\/post"}],"author":[{"embeddable":true,"href":"https:\/\/eemkon.org.tr\/eemkon2019\/wp-json\/wp\/v2\/users\/4"}],"replies":[{"embeddable":true,"href":"https:\/\/eemkon.org.tr\/eemkon2019\/wp-json\/wp\/v2\/comments?post=1692"}],"version-history":[{"count":1,"href":"https:\/\/eemkon.org.tr\/eemkon2019\/wp-json\/wp\/v2\/posts\/1692\/revisions"}],"predecessor-version":[{"id":2185,"href":"https:\/\/eemkon.org.tr\/eemkon2019\/wp-json\/wp\/v2\/posts\/1692\/revisions\/2185"}],"wp:featuredmedia":[{"embeddable":true,"href":"https:\/\/eemkon.org.tr\/eemkon2019\/wp-json\/wp\/v2\/media\/1693"}],"wp:attachment":[{"href":"https:\/\/eemkon.org.tr\/eemkon2019\/wp-json\/wp\/v2\/media?parent=1692"}],"wp:term":[{"taxonomy":"category","embeddable":true,"href":"https:\/\/eemkon.org.tr\/eemkon2019\/wp-json\/wp\/v2\/categories?post=1692"},{"taxonomy":"post_tag","embeddable":true,"href":"https:\/\/eemkon.org.tr\/eemkon2019\/wp-json\/wp\/v2\/tags?post=1692"}],"curies":[{"name":"wp","href":"https:\/\/api.w.org\/{rel}","templated":true}]}}