{"id":1680,"date":"2019-02-04T16:31:53","date_gmt":"2019-02-04T13:31:53","guid":{"rendered":"http:\/\/eemkon.org.tr\/?p=1680"},"modified":"2019-02-05T15:04:24","modified_gmt":"2019-02-05T12:04:24","slug":"1680","status":"publish","type":"post","link":"https:\/\/eemkon.org.tr\/eemkon2019\/1680\/","title":{"rendered":"Destek Protokol\u00fc \u0130\u00e7in \u00dcniversite ve Teknokentlerle  G\u00f6r\u00fc\u015fmeler S\u00fcr\u00fcyor"},"content":{"rendered":"\n<ul class=\"wp-block-list\"><li>\u0130stanbul \u00dcniversitesi, Okan \u00dcniversitesi, I\u015f\u0131k \u00dcniversitesi ile EEMKON hakk\u0131nda bilgilendirme g\u00f6r\u00fc\u015fmesi yapmak ve destek protokol\u00fc imzalamak i\u00e7in randevular al\u0131nd\u0131. <\/li><li>Ankara TED \u00dcniversitesi M\u00fchendislik Fak\u00fcltesi Dekan\u0131 Prof. Dr. G\u00fcney \u00d6zcebe 24 Ocak 2019 tarihinde ziyaret edildi. G\u00f6r\u00fc\u015fmeye hem Elektrik-Elektronik B\u00f6l\u00fcm Ba\u015fkan\u0131 hem D\u00fczenleme Kurulu \u00fcyemiz Prof. Dr. Erdem Yazgan ve ayn\u0131 zamanda b\u00f6l\u00fcm akademisyenlerinden olan D\u00fczenleme Kurulu \u00fcyemiz Do\u00e7. Dr. H\u00fcseyin U\u011fur Y\u0131ld\u0131z kat\u0131ld\u0131lar. EEMKON hakk\u0131nda bilgilendirme yap\u0131larak, destek protokol\u00fcn\u00fcn imzalanmas\u0131 ele al\u0131nd\u0131.<\/li><\/ul>\n\n\n\n<ul class=\"wp-block-list\"><li>\u00c7ankaya \u00dcniversitesi M\u00fchendislik Fak\u00fcltesi Dekan\u0131 Prof.Dr. S\u0131tk\u0131 Kemal \u0130der 24 Ocak 2019 g\u00fcn\u00fc ziyaret edildi. G\u00f6r\u00fc\u015fmeye, Elektrik Elektronik M\u00fchendisli\u011fi B\u00f6l\u00fcm\u00fc akademisyenlerinden Prof. Dr. \u0130res \u0130skender ve Elektronik ve Haberle\u015fme M\u00fchendisli\u011fi B\u00f6l\u00fcm Ba\u015fkan\u0131 Dr. \u00d6\u011fr. \u00dcyesi \u00d6zg\u00fcr Erg\u00fcl kat\u0131ld\u0131. &nbsp;EEMKON hakk\u0131nda bilgilendirme yap\u0131larak, destek protokol\u00fcn\u00fcn imzalanmas\u0131 g\u00f6r\u00fc\u015f\u00fcld\u00fc.<\/li><\/ul>\n\n\n\n<ul class=\"wp-block-list\"><li>Ankara \u00dcniversitesi M\u00fchendislik Fak\u00fcltesi akademisyenlerinden Prof.Dr. Ziya Telatar ve Elektrik Elektronik B\u00f6l\u00fcm Ba\u015fkan Yard\u0131mc\u0131s\u0131 Dr. \u00d6\u011fr. \u00dcyesi Ahmet Akbulut 24 Ocak 2019 tarihinde ziyaret edildi. EEMKON hakk\u0131nda bilgilendirme yap\u0131larak, destek protokol\u00fcn\u00fcn imzalanmas\u0131 konusu g\u00f6r\u00fc\u015f\u00fcld\u00fc.<\/li><\/ul>\n\n\n\n<figure class=\"wp-block-image\"><img loading=\"lazy\" decoding=\"async\" width=\"1024\" height=\"768\" src=\"http:\/\/eemkon.org.tr\/wp-content\/uploads\/2019\/02\/3-1024x768.jpg\" alt=\"\" class=\"wp-image-1681\" srcset=\"https:\/\/eemkon.org.tr\/eemkon2019\/wp-content\/uploads\/2019\/02\/3-1024x768.jpg 1024w, https:\/\/eemkon.org.tr\/eemkon2019\/wp-content\/uploads\/2019\/02\/3-300x225.jpg 300w, https:\/\/eemkon.org.tr\/eemkon2019\/wp-content\/uploads\/2019\/02\/3-768x576.jpg 768w, https:\/\/eemkon.org.tr\/eemkon2019\/wp-content\/uploads\/2019\/02\/3-750x562.jpg 750w, https:\/\/eemkon.org.tr\/eemkon2019\/wp-content\/uploads\/2019\/02\/3-1140x855.jpg 1140w, https:\/\/eemkon.org.tr\/eemkon2019\/wp-content\/uploads\/2019\/02\/3.jpg 1539w\" sizes=\"auto, (max-width: 1024px) 100vw, 1024px\" \/><\/figure>\n\n\n\n<ul class=\"wp-block-list\"><li>Ba\u015fkent \u00dcniversitesi Elektrik Elektronik M\u00fchendisli\u011fi B\u00f6l\u00fcm Ba\u015fkan Yard\u0131mc\u0131s\u0131 Dr. Selda G\u00fcney ile 24 Ocak 2019 g\u00fcn\u00fc g\u00f6r\u00fc\u015f\u00fcld\u00fc. EEMKON hakk\u0131nda bilgilendirme yap\u0131larak, destek protokol\u00fcn\u00fcn imzalanmas\u0131 de\u011ferlendirildi.<\/li><\/ul>\n\n\n\n<ul class=\"wp-block-list\"><li>At\u0131l\u0131m \u00dcniversitesi Elektrik Elektronik M\u00fchendisli\u011fi B\u00f6l\u00fcm Ba\u015fkan\u0131 Do\u00e7. Dr. Kemal Efe Eseler ile 25 Ocak 2019 tarihinde g\u00f6r\u00fc\u015f\u00fcld\u00fc. EEMKON hakk\u0131nda bilgilendirme yap\u0131larak, destek protokol\u00fcn\u00fcn imzalanmas\u0131 ele al\u0131nd\u0131.<\/li><\/ul>\n\n\n\n<ul class=\"wp-block-list\"><li>ODT\u00dc Teknokent Genel M\u00fcd\u00fcr Yard\u0131mc\u0131s\u0131 Nihat T\u00fcfek\u00e7i 25 Ocak 2019 g\u00fcn\u00fc ziyaret edilerek EEMKON hakk\u0131nda bilgilendirme yap\u0131ld\u0131 ve ODT\u00dc Teknokent Y\u00f6netimi ile destek protokol\u00fc imzaland\u0131.<\/li><\/ul>\n\n\n\n<figure class=\"wp-block-image\"><img loading=\"lazy\" decoding=\"async\" width=\"1024\" height=\"768\" src=\"http:\/\/eemkon.org.tr\/wp-content\/uploads\/2019\/02\/5-1024x768.jpg\" alt=\"\" class=\"wp-image-1687\" srcset=\"https:\/\/eemkon.org.tr\/eemkon2019\/wp-content\/uploads\/2019\/02\/5-1024x768.jpg 1024w, https:\/\/eemkon.org.tr\/eemkon2019\/wp-content\/uploads\/2019\/02\/5-300x225.jpg 300w, https:\/\/eemkon.org.tr\/eemkon2019\/wp-content\/uploads\/2019\/02\/5-768x576.jpg 768w, https:\/\/eemkon.org.tr\/eemkon2019\/wp-content\/uploads\/2019\/02\/5-750x562.jpg 750w, https:\/\/eemkon.org.tr\/eemkon2019\/wp-content\/uploads\/2019\/02\/5-1140x855.jpg 1140w, https:\/\/eemkon.org.tr\/eemkon2019\/wp-content\/uploads\/2019\/02\/5.jpg 1539w\" sizes=\"auto, (max-width: 1024px) 100vw, 1024px\" \/><\/figure>\n","protected":false},"excerpt":{"rendered":"<p>\u0130stanbul \u00dcniversitesi, Okan \u00dcniversitesi, I\u015f\u0131k \u00dcniversitesi ile EEMKON hakk\u0131nda bilgilendirme g\u00f6r\u00fc\u015fmesi yapmak ve destek protokol\u00fc imzalamak i\u00e7in randevular al\u0131nd\u0131. Ankara TED \u00dcniversitesi M\u00fchendislik Fak\u00fcltesi Dekan\u0131 Prof. Dr. G\u00fcney \u00d6zcebe 24 Ocak 2019 tarihinde ziyaret edildi. G\u00f6r\u00fc\u015fmeye hem Elektrik-Elektronik B\u00f6l\u00fcm Ba\u015fkan\u0131 hem D\u00fczenleme Kurulu \u00fcyemiz Prof. Dr. Erdem Yazgan ve ayn\u0131 zamanda b\u00f6l\u00fcm akademisyenlerinden olan D\u00fczenleme [&hellip;]<\/p>\n","protected":false},"author":4,"featured_media":1682,"comment_status":"closed","ping_status":"closed","sticky":false,"template":"","format":"standard","meta":{"footnotes":""},"categories":[6],"tags":[],"class_list":["post-1680","post","type-post","status-publish","format-standard","has-post-thumbnail","hentry","category-guncel-2019"],"_links":{"self":[{"href":"https:\/\/eemkon.org.tr\/eemkon2019\/wp-json\/wp\/v2\/posts\/1680","targetHints":{"allow":["GET"]}}],"collection":[{"href":"https:\/\/eemkon.org.tr\/eemkon2019\/wp-json\/wp\/v2\/posts"}],"about":[{"href":"https:\/\/eemkon.org.tr\/eemkon2019\/wp-json\/wp\/v2\/types\/post"}],"author":[{"embeddable":true,"href":"https:\/\/eemkon.org.tr\/eemkon2019\/wp-json\/wp\/v2\/users\/4"}],"replies":[{"embeddable":true,"href":"https:\/\/eemkon.org.tr\/eemkon2019\/wp-json\/wp\/v2\/comments?post=1680"}],"version-history":[{"count":0,"href":"https:\/\/eemkon.org.tr\/eemkon2019\/wp-json\/wp\/v2\/posts\/1680\/revisions"}],"wp:featuredmedia":[{"embeddable":true,"href":"https:\/\/eemkon.org.tr\/eemkon2019\/wp-json\/wp\/v2\/media\/1682"}],"wp:attachment":[{"href":"https:\/\/eemkon.org.tr\/eemkon2019\/wp-json\/wp\/v2\/media?parent=1680"}],"wp:term":[{"taxonomy":"category","embeddable":true,"href":"https:\/\/eemkon.org.tr\/eemkon2019\/wp-json\/wp\/v2\/categories?post=1680"},{"taxonomy":"post_tag","embeddable":true,"href":"https:\/\/eemkon.org.tr\/eemkon2019\/wp-json\/wp\/v2\/tags?post=1680"}],"curies":[{"name":"wp","href":"https:\/\/api.w.org\/{rel}","templated":true}]}}