{"id":1676,"date":"2019-02-04T16:29:08","date_gmt":"2019-02-04T13:29:08","guid":{"rendered":"http:\/\/eemkon.org.tr\/?p=1676"},"modified":"2019-04-05T09:03:14","modified_gmt":"2019-04-05T06:03:14","slug":"universitelerle-ilk-destek-protokolleri-imzalanmaya-baslandi","status":"publish","type":"post","link":"https:\/\/eemkon.org.tr\/eemkon2019\/universitelerle-ilk-destek-protokolleri-imzalanmaya-baslandi\/","title":{"rendered":"\u00dcniversitelerle \u0130lk Destek Protokolleri \u0130mzalanmaya Ba\u015fland\u0131"},"content":{"rendered":"\n<ul class=\"wp-block-list\"><li>\u0130stanbul Teknik \u00dcniversitesi Elektrik-Elektronik Fak\u00fcltesi Dekan\u0131 Prof. Dr. Serhat \u015eeker ile d\u00fczenli olarak de\u011ferlendirme &nbsp;toplant\u0131lar\u0131 yap\u0131lmaktad\u0131r. \u00dcniversitelerden ilk destek protokol \u0130T\u00dc Elektrik-Elektronik Fak\u00fcltesi ile imzaland\u0131.<\/li><\/ul>\n\n\n\n<ul class=\"wp-block-list\"><li>Y\u0131ld\u0131z Teknik \u00dcniversitesi Rekt\u00f6r Yard\u0131mc\u0131s\u0131 Prof. Dr. Galip Cansever 6 Kas\u0131m 2018 tarihinde ziyaret edildi. Say\u0131n Cansever Elektrik ve Kontrol Sempozyumu Y\u00fcr\u00fctme Kurulu Ba\u015fkanl\u0131\u011f\u0131n\u0131 \u00fcstlendi. \u00dcniversitelerle ikinci destek protokol\u00fc Y\u0131ld\u0131z Teknik \u00dcniversitesi  Elektrik Elektronik Fak\u00fcltesi ile imzaland\u0131.<\/li><li>Hacettepe \u00dcniversitesi M\u00fchendislik Fak\u00fcltesi Dekan\u0131 Prof. Dr. Candan G\u00f6k\u00e7eo\u011flu 25 Ocak 2019 g\u00fcn\u00fc ziyaret edilerek EEMKON hakk\u0131nda bilgilendirme yap\u0131ld\u0131 ve Elektrik Elektronik M\u00fchendisli\u011fi B\u00f6l\u00fcm\u00fc ile destek protokol\u00fc imzaland\u0131.<\/li><\/ul>\n","protected":false},"excerpt":{"rendered":"<p>\u0130stanbul Teknik \u00dcniversitesi Elektrik-Elektronik Fak\u00fcltesi Dekan\u0131 Prof. Dr. Serhat \u015eeker ile d\u00fczenli olarak de\u011ferlendirme &nbsp;toplant\u0131lar\u0131 yap\u0131lmaktad\u0131r. \u00dcniversitelerden ilk destek protokol \u0130T\u00dc Elektrik-Elektronik Fak\u00fcltesi ile imzaland\u0131. Y\u0131ld\u0131z Teknik \u00dcniversitesi Rekt\u00f6r Yard\u0131mc\u0131s\u0131 Prof. Dr. Galip Cansever 6 Kas\u0131m 2018 tarihinde ziyaret edildi. Say\u0131n Cansever Elektrik ve Kontrol Sempozyumu Y\u00fcr\u00fctme Kurulu Ba\u015fkanl\u0131\u011f\u0131n\u0131 \u00fcstlendi. \u00dcniversitelerle ikinci destek protokol\u00fc Y\u0131ld\u0131z [&hellip;]<\/p>\n","protected":false},"author":4,"featured_media":1677,"comment_status":"closed","ping_status":"closed","sticky":false,"template":"","format":"standard","meta":{"footnotes":""},"categories":[6],"tags":[],"class_list":["post-1676","post","type-post","status-publish","format-standard","has-post-thumbnail","hentry","category-guncel-2019"],"_links":{"self":[{"href":"https:\/\/eemkon.org.tr\/eemkon2019\/wp-json\/wp\/v2\/posts\/1676","targetHints":{"allow":["GET"]}}],"collection":[{"href":"https:\/\/eemkon.org.tr\/eemkon2019\/wp-json\/wp\/v2\/posts"}],"about":[{"href":"https:\/\/eemkon.org.tr\/eemkon2019\/wp-json\/wp\/v2\/types\/post"}],"author":[{"embeddable":true,"href":"https:\/\/eemkon.org.tr\/eemkon2019\/wp-json\/wp\/v2\/users\/4"}],"replies":[{"embeddable":true,"href":"https:\/\/eemkon.org.tr\/eemkon2019\/wp-json\/wp\/v2\/comments?post=1676"}],"version-history":[{"count":0,"href":"https:\/\/eemkon.org.tr\/eemkon2019\/wp-json\/wp\/v2\/posts\/1676\/revisions"}],"wp:featuredmedia":[{"embeddable":true,"href":"https:\/\/eemkon.org.tr\/eemkon2019\/wp-json\/wp\/v2\/media\/1677"}],"wp:attachment":[{"href":"https:\/\/eemkon.org.tr\/eemkon2019\/wp-json\/wp\/v2\/media?parent=1676"}],"wp:term":[{"taxonomy":"category","embeddable":true,"href":"https:\/\/eemkon.org.tr\/eemkon2019\/wp-json\/wp\/v2\/categories?post=1676"},{"taxonomy":"post_tag","embeddable":true,"href":"https:\/\/eemkon.org.tr\/eemkon2019\/wp-json\/wp\/v2\/tags?post=1676"}],"curies":[{"name":"wp","href":"https:\/\/api.w.org\/{rel}","templated":true}]}}