{"id":1287,"date":"2018-12-17T12:07:39","date_gmt":"2018-12-17T09:07:39","guid":{"rendered":"http:\/\/eemkon.org.tr\/?p=1287"},"modified":"2021-01-03T13:41:37","modified_gmt":"2021-01-03T10:41:37","slug":"eemkon-2019-1-duzenleme-kurulu-toplantisi-yapildi","status":"publish","type":"post","link":"https:\/\/eemkon.org.tr\/eemkon2019\/eemkon-2019-1-duzenleme-kurulu-toplantisi-yapildi\/","title":{"rendered":"EEMKON 2019 1. D\u00dcZENLEME KURULU TOPLANTISI YAPILDI"},"content":{"rendered":"\n<p>Elektrik Elektronik M\u00fchendisli\u011fi (EEMKON 2019) Kongresi 1. D\u00fczenleme Kurulu toplant\u0131s\u0131 8 Aral\u0131k 2018 g\u00fcn\u00fc \u0130T\u00dc Ayaza\u011fa Kamp\u00fcs\u00fc \u0130dris Yamant\u00fcrk Salonunda yap\u0131ld\u0131. \u00dcniversitelerden, EMO Merkez ve \u015eubelerden, kamu kurum ve kurulu\u015flar\u0131ndan, meslek odalar\u0131ndan, \u00f6zel kurulu\u015flardan, mesleki dernek ve vak\u0131flardan gelen 85 y\u00f6netici ve temsilcinin kat\u0131ld\u0131\u011f\u0131 toplant\u0131 verimli bir bi\u00e7imde ger\u00e7ekle\u015fti.<br>&nbsp;<\/p>\n\n\n\n<p>EEMKON 2019 D\u00fczenleme Kurulu toplant\u0131s\u0131, &nbsp;Kurul Ba\u015fkan\u0131 F. Kemal \u00d6zo\u011fuz\u2018un a\u00e7\u0131\u015f konu\u015fmas\u0131 ile ba\u015flad\u0131. Ba\u015fta toplant\u0131 yeri olanaklar\u0131n\u0131 kendilerine sa\u011flayan \u0130T\u00dc Elektrik-Elektronik Fak\u00fcltesi y\u00f6neticilerine ve toplant\u0131ya kat\u0131lan herkese te\u015fekk\u00fcrlerini belirtti. \u00d6zo\u011fuz\u2018un toplant\u0131n\u0131n a\u015fa\u011f\u0131daki g\u00fcndemle ger\u00e7ekle\u015ftirilece\u011fini s\u00f6yleyerek k\u00fcrs\u00fcye ilk konu\u015fmac\u0131 \u0130T\u00dc Elektrik-Elektronik Fak\u00fcltesi Dekan\u0131 Prof. Dr. Serhat \u015eeker\u2018i davet etti.<\/p>\n\n\n\n<p><strong>G\u00fcndem<\/strong><\/p>\n\n\n\n<p>1.&nbsp;&nbsp;&nbsp;&nbsp;&nbsp;&nbsp;&nbsp;A\u00e7\u0131l\u0131\u015f Konu\u015fmalar\u0131<\/p>\n\n\n\n<p>2.&nbsp;&nbsp;&nbsp;&nbsp;&nbsp;&nbsp;&nbsp;2015 ve 2017 EEMKON Bilgilendirmeleri<\/p>\n\n\n\n<p>3.&nbsp;&nbsp;&nbsp;&nbsp;&nbsp;&nbsp;&nbsp;EEMKON 2019 Kongresine Y\u00f6nelik G\u00f6r\u00fc\u015f ve \u00d6neriler<\/p>\n\n\n\n<p>4.&nbsp;&nbsp;&nbsp;&nbsp;&nbsp;&nbsp;&nbsp;Kurullar\u0131n Olu\u015fmas\u0131<\/p>\n\n\n\n<p>5.&nbsp;&nbsp;&nbsp;&nbsp;&nbsp;&nbsp;&nbsp;Tahmini B\u00fct\u00e7e<\/p>\n\n\n\n<p>6.&nbsp;&nbsp;&nbsp;&nbsp;&nbsp;&nbsp;&nbsp;Dilek ve Temenniler<\/p>\n\n\n\n<p>Prof. Dr. Serhat \u015eeker, Elektrik M\u00fchendisleri Odas\u0131 ile gerek EEMKON d\u00fczenlemeleri gerekse di\u011fer mesleki alanlarda yo\u011fun bir i\u015fbirli\u011fi i\u00e7inde olduklar\u0131n\u0131 belirterek bundan da \u00e7ok memnun olduklar\u0131n\u0131 s\u00f6yledi. EMO ile ba\u015fka alanlarda da yeni projelerle ortak \u00e7al\u0131\u015fmalar\u0131n\u0131 geli\u015ftirmeyi hedeflediklerini belirten \u015eeker, zaten bir\u00e7ok \u00f6\u011fretim \u00fcyesi ve \u00f6\u011frencilerinin EEMKON i\u00e7inde yer ald\u0131\u011f\u0131n\u0131 aktard\u0131.<\/p>\n\n\n\n<p>Daha sonra k\u00fcrs\u00fcye \u00e7\u0131kan \u015eubemiz Y\u00f6netim Kurulu Ba\u015fkan\u0131 Erol Celepsoy, EEMKON 2019 Kongresi\u2018nin a\u011f\u0131r ekonomik kriz ko\u015fullar\u0131nda haz\u0131rland\u0131\u011f\u0131n\u0131, bu krizin gerek kamuda gerekse \u00f6zel sekt\u00f6rde \u00e7al\u0131\u015fan t\u00fcm meslekta\u015flar\u0131m\u0131z\u0131 derinden etkiledi\u011fini belirterek ba\u015flad\u0131\u011f\u0131 konu\u015fmas\u0131na, EEMKON kongrelerinin sekt\u00f6r\u00fcm\u00fcz ve meslekta\u015flar\u0131m\u0131z a\u00e7\u0131s\u0131ndan \u00f6nemine de\u011finerek devam etti. Eme\u011fi ge\u00e7en ve kat\u0131lan herkese te\u015fekk\u00fcr eden Celepsoy, EEMKON 2019 Kongresinin di\u011fer kongreler gibi ba\u015far\u0131yla tamamlanaca\u011f\u0131na inand\u0131\u011f\u0131n\u0131 belirterek konu\u015fmas\u0131n\u0131 sonland\u0131rd\u0131.<\/p>\n\n\n\n<p>A\u00e7\u0131l\u0131\u015f konu\u015fmalar\u0131n\u0131n tamamlanmas\u0131ndan sonra, D\u00fczenleme Kurulu Ba\u015fkan\u0131 F. Kemal \u00d6zo\u011fuz ve Kongre Sekreteri S\u0131dd\u0131ka \u00d6del taraf\u0131ndan D\u00fczenleme Kurulu \u00fcyeleri, EEMKON 2015 ve 2017 kongreleri hakk\u0131nda bilgilendirildi ve her iki kongrede de ger\u00e7ekle\u015ftirilen 7 ayr\u0131 sempozumun konu ba\u015fl\u0131klar\u0131 ve uluslararas\u0131 konuklar\u0131n sunumlar\u0131n\u0131n i\u00e7eriklerine ili\u015fkin \u00f6zet bilgilerin sunumu yap\u0131ld\u0131.<\/p>\n\n\n\n<p>Daha sonra EEMKON 2019 ile ilgili kat\u0131l\u0131mc\u0131lar\u0131n g\u00f6r\u00fc\u015f ve \u00f6nerileri al\u0131narak, kurullar\u0131n se\u00e7imi yap\u0131ld\u0131. Dilek ve g\u00f6r\u00fc\u015flerin ifadesiyle toplant\u0131 sonland\u0131r\u0131ld\u0131. &nbsp;<\/p>\n","protected":false},"excerpt":{"rendered":"<p>eemkon 2019 d\u00fczenleme kurulu ilk toplant\u0131s\u0131<\/p>\n","protected":false},"author":4,"featured_media":1288,"comment_status":"closed","ping_status":"closed","sticky":false,"template":"","format":"standard","meta":{"footnotes":""},"categories":[121],"tags":[],"class_list":["post-1287","post","type-post","status-publish","format-standard","has-post-thumbnail","hentry","category-duzenleme-kurulu-2019"],"_links":{"self":[{"href":"https:\/\/eemkon.org.tr\/eemkon2019\/wp-json\/wp\/v2\/posts\/1287","targetHints":{"allow":["GET"]}}],"collection":[{"href":"https:\/\/eemkon.org.tr\/eemkon2019\/wp-json\/wp\/v2\/posts"}],"about":[{"href":"https:\/\/eemkon.org.tr\/eemkon2019\/wp-json\/wp\/v2\/types\/post"}],"author":[{"embeddable":true,"href":"https:\/\/eemkon.org.tr\/eemkon2019\/wp-json\/wp\/v2\/users\/4"}],"replies":[{"embeddable":true,"href":"https:\/\/eemkon.org.tr\/eemkon2019\/wp-json\/wp\/v2\/comments?post=1287"}],"version-history":[{"count":1,"href":"https:\/\/eemkon.org.tr\/eemkon2019\/wp-json\/wp\/v2\/posts\/1287\/revisions"}],"predecessor-version":[{"id":2186,"href":"https:\/\/eemkon.org.tr\/eemkon2019\/wp-json\/wp\/v2\/posts\/1287\/revisions\/2186"}],"wp:featuredmedia":[{"embeddable":true,"href":"https:\/\/eemkon.org.tr\/eemkon2019\/wp-json\/wp\/v2\/media\/1288"}],"wp:attachment":[{"href":"https:\/\/eemkon.org.tr\/eemkon2019\/wp-json\/wp\/v2\/media?parent=1287"}],"wp:term":[{"taxonomy":"category","embeddable":true,"href":"https:\/\/eemkon.org.tr\/eemkon2019\/wp-json\/wp\/v2\/categories?post=1287"},{"taxonomy":"post_tag","embeddable":true,"href":"https:\/\/eemkon.org.tr\/eemkon2019\/wp-json\/wp\/v2\/tags?post=1287"}],"curies":[{"name":"wp","href":"https:\/\/api.w.org\/{rel}","templated":true}]}}