{"id":8921,"date":"2022-04-20T00:06:09","date_gmt":"2022-04-19T21:06:09","guid":{"rendered":"https:\/\/eemkon.org.tr\/eemkon2017\/?p=8921"},"modified":"2022-04-20T00:09:48","modified_gmt":"2022-04-19T21:09:48","slug":"eemkon-2017-alternatif-yeni-medya-ve-gundelik-yasamin-elestirisi","status":"publish","type":"post","link":"https:\/\/eemkon.org.tr\/eemkon2017\/eemkon-2017-alternatif-yeni-medya-ve-gundelik-yasamin-elestirisi\/","title":{"rendered":"EEMKON 2017 &#8211; Alternatif Yeni Medya Ve G\u00fcndelik Ya\u015fam\u0131n Ele\u015ftirisi"},"content":{"rendered":"\t\t<div data-elementor-type=\"wp-post\" data-elementor-id=\"8921\" class=\"elementor elementor-8921\" data-elementor-settings=\"[]\">\n\t\t\t\t\t\t<div class=\"elementor-inner\">\n\t\t\t\t\t\t\t<div class=\"elementor-section-wrap\">\n\t\t\t\t\t\t\t<section class=\"elementor-section elementor-top-section elementor-element elementor-element-35e4d7c elementor-section-boxed elementor-section-height-default elementor-section-height-default\" data-id=\"35e4d7c\" data-element_type=\"section\">\n\t\t\t\t\t\t<div class=\"elementor-container elementor-column-gap-default\">\n\t\t\t\t\t\t\t<div class=\"elementor-row\">\n\t\t\t\t\t<div class=\"elementor-column elementor-col-100 elementor-top-column elementor-element elementor-element-7ea91a8\" data-id=\"7ea91a8\" data-element_type=\"column\">\n\t\t\t<div class=\"elementor-column-wrap elementor-element-populated\">\n\t\t\t\t\t\t\t<div class=\"elementor-widget-wrap\">\n\t\t\t\t\t\t<div class=\"elementor-element elementor-element-62b0213 elementor-widget elementor-widget-text-editor\" data-id=\"62b0213\" data-element_type=\"widget\" data-widget_type=\"text-editor.default\">\n\t\t\t\t<div class=\"elementor-widget-container\">\n\t\t\t\t\t\t\t\t<div class=\"elementor-text-editor elementor-clearfix\">\n\t\t\t\t<h6><strong>EEMKON 2017 \u2013 ELEKTRON\u0130K SANAY\u0130 SEMPOZYUMU &#8211; 4. OTURUM <\/strong><\/h6><h6>Oturum Y\u00f6neticisi\u00a0\u00a0\u00a0\u00a0\u00a0\u00a0\u00a0\u00a0\u00a0\u00a0 : <strong>Prof. Dr. Bar\u0131\u015f \u00c7oban \u2013 <\/strong>Do\u011fu\u015f \u00dcniversitesi<\/h6><h6><strong>Konu\u015fmac\u0131lar<\/strong><\/h6><h6><strong>Alternatif Yeni Medya Maceras\u0131\u00a0\u00a0\u00a0\u00a0\u00a0\u00a0\u00a0\u00a0\u00a0\u00a0\u00a0\u00a0 <\/strong><\/h6><h6>Do\u00e7. Dr. Bora Ataman<strong> \u2013 <\/strong>Prof. Dr. Bar\u0131\u015f \u00c7oban<strong> \u2013 <\/strong>Do\u011fu\u015f \u00dcniversitesi<\/h6><h6><strong>Yeni Medya ve Prekerle\u015fen Ya\u015fam<\/strong><\/h6><h6>\u00d6\u011fr. G\u00f6r. Dr. Sarphan Uzuno\u011flu \u2013 Kadir Has \u00dcniversitesi<\/h6><h6><strong>Yeni Medya Sivil Toplumu D\u00f6n\u00fc\u015ft\u00fcrebilir mi?<\/strong><\/h6><h6>P\u0131nar \u0130lkiz \u2013 \u0130leti\u015fim Geli\u015ftirme Direkt\u00f6r\u00fc<\/h6><h6><strong>Yeni Medya \u0130le D\u00f6n\u00fc\u015fen Toplumun Gelece\u011fi<\/strong><\/h6><h6>Ahmet Sabanc\u0131 \u2013 Ara\u015ft\u0131rmac\u0131, \u00c7evirmen<\/h6><h6><strong>Yurtta\u015f Habercili\u011fi: Kim Takip Ediyor, Ne \u0130zliyor?<\/strong><\/h6><h6>Yunus Erduran &#8211; Ara\u015ft\u0131rmac\u0131<\/h6>\t\t\t\t\t<\/div>\n\t\t\t\t\t\t<\/div>\n\t\t\t\t<\/div>\n\t\t\t\t\t\t<\/div>\n\t\t\t\t\t<\/div>\n\t\t<\/div>\n\t\t\t\t\t\t\t\t<\/div>\n\t\t\t\t\t<\/div>\n\t\t<\/section>\n\t\t\t\t<section class=\"elementor-section elementor-top-section elementor-element elementor-element-7739927 elementor-section-boxed elementor-section-height-default elementor-section-height-default\" data-id=\"7739927\" data-element_type=\"section\">\n\t\t\t\t\t\t<div class=\"elementor-container elementor-column-gap-default\">\n\t\t\t\t\t\t\t<div class=\"elementor-row\">\n\t\t\t\t\t<div class=\"elementor-column elementor-col-25 elementor-top-column elementor-element elementor-element-bf1c736\" data-id=\"bf1c736\" data-element_type=\"column\">\n\t\t\t<div class=\"elementor-column-wrap\">\n\t\t\t\t\t\t\t<div class=\"elementor-widget-wrap\">\n\t\t\t\t\t\t\t\t<\/div>\n\t\t\t\t\t<\/div>\n\t\t<\/div>\n\t\t\t\t<div class=\"elementor-column elementor-col-50 elementor-top-column elementor-element elementor-element-968044b\" data-id=\"968044b\" data-element_type=\"column\">\n\t\t\t<div class=\"elementor-column-wrap elementor-element-populated\">\n\t\t\t\t\t\t\t<div class=\"elementor-widget-wrap\">\n\t\t\t\t\t\t<div class=\"elementor-element elementor-element-12bc5fd elementor-aspect-ratio-169 elementor-widget elementor-widget-video\" data-id=\"12bc5fd\" data-element_type=\"widget\" data-settings=\"{&quot;youtube_url&quot;:&quot;https:\\\/\\\/www.youtube.com\\\/watch?v=msIf1y1DW_U&quot;,&quot;video_type&quot;:&quot;youtube&quot;,&quot;controls&quot;:&quot;yes&quot;,&quot;aspect_ratio&quot;:&quot;169&quot;}\" data-widget_type=\"video.default\">\n\t\t\t\t<div class=\"elementor-widget-container\">\n\t\t\t\t\t<div class=\"elementor-wrapper elementor-fit-aspect-ratio elementor-open-inline\">\n\t\t\t<div class=\"elementor-video\"><\/div>\t\t<\/div>\n\t\t\t\t<\/div>\n\t\t\t\t<\/div>\n\t\t\t\t\t\t<\/div>\n\t\t\t\t\t<\/div>\n\t\t<\/div>\n\t\t\t\t<div class=\"elementor-column elementor-col-25 elementor-top-column elementor-element elementor-element-edfadb8\" data-id=\"edfadb8\" data-element_type=\"column\">\n\t\t\t<div class=\"elementor-column-wrap\">\n\t\t\t\t\t\t\t<div class=\"elementor-widget-wrap\">\n\t\t\t\t\t\t\t\t<\/div>\n\t\t\t\t\t<\/div>\n\t\t<\/div>\n\t\t\t\t\t\t\t\t<\/div>\n\t\t\t\t\t<\/div>\n\t\t<\/section>\n\t\t\t\t\t\t<\/div>\n\t\t\t\t\t\t<\/div>\n\t\t\t\t\t<\/div>\n\t\t","protected":false},"excerpt":{"rendered":"<p>EEMKON 2017 \u2013 ELEKTRON\u0130K SANAY\u0130 SEMPOZYUMU &#8211; 4. OTURUM Oturum Y\u00f6neticisi\u00a0\u00a0\u00a0\u00a0\u00a0\u00a0\u00a0\u00a0\u00a0\u00a0 : Prof. Dr. Bar\u0131\u015f \u00c7oban \u2013 Do\u011fu\u015f \u00dcniversitesi Konu\u015fmac\u0131lar Alternatif Yeni Medya Maceras\u0131\u00a0\u00a0\u00a0\u00a0\u00a0\u00a0\u00a0\u00a0\u00a0\u00a0\u00a0\u00a0 Do\u00e7. Dr. Bora Ataman \u2013 Prof. Dr. Bar\u0131\u015f \u00c7oban \u2013 Do\u011fu\u015f \u00dcniversitesi Yeni Medya ve Prekerle\u015fen Ya\u015fam \u00d6\u011fr. G\u00f6r. Dr. Sarphan Uzuno\u011flu \u2013 Kadir Has \u00dcniversitesi Yeni Medya Sivil Toplumu D\u00f6n\u00fc\u015ft\u00fcrebilir [&hellip;]<\/p>\n","protected":false},"author":4,"featured_media":7263,"comment_status":"closed","ping_status":"open","sticky":false,"template":"","format":"video","meta":[],"categories":[146],"tags":[],"_links":{"self":[{"href":"https:\/\/eemkon.org.tr\/eemkon2017\/wp-json\/wp\/v2\/posts\/8921"}],"collection":[{"href":"https:\/\/eemkon.org.tr\/eemkon2017\/wp-json\/wp\/v2\/posts"}],"about":[{"href":"https:\/\/eemkon.org.tr\/eemkon2017\/wp-json\/wp\/v2\/types\/post"}],"author":[{"embeddable":true,"href":"https:\/\/eemkon.org.tr\/eemkon2017\/wp-json\/wp\/v2\/users\/4"}],"replies":[{"embeddable":true,"href":"https:\/\/eemkon.org.tr\/eemkon2017\/wp-json\/wp\/v2\/comments?post=8921"}],"version-history":[{"count":4,"href":"https:\/\/eemkon.org.tr\/eemkon2017\/wp-json\/wp\/v2\/posts\/8921\/revisions"}],"predecessor-version":[{"id":8926,"href":"https:\/\/eemkon.org.tr\/eemkon2017\/wp-json\/wp\/v2\/posts\/8921\/revisions\/8926"}],"wp:featuredmedia":[{"embeddable":true,"href":"https:\/\/eemkon.org.tr\/eemkon2017\/wp-json\/wp\/v2\/media\/7263"}],"wp:attachment":[{"href":"https:\/\/eemkon.org.tr\/eemkon2017\/wp-json\/wp\/v2\/media?parent=8921"}],"wp:term":[{"taxonomy":"category","embeddable":true,"href":"https:\/\/eemkon.org.tr\/eemkon2017\/wp-json\/wp\/v2\/categories?post=8921"},{"taxonomy":"post_tag","embeddable":true,"href":"https:\/\/eemkon.org.tr\/eemkon2017\/wp-json\/wp\/v2\/tags?post=8921"}],"curies":[{"name":"wp","href":"https:\/\/api.w.org\/{rel}","templated":true}]}}