{"id":7770,"date":"2022-02-06T21:36:42","date_gmt":"2022-02-06T18:36:42","guid":{"rendered":"https:\/\/eemkon.org.tr\/eemkon2017\/?p=7770"},"modified":"2022-02-07T00:13:13","modified_gmt":"2022-02-06T21:13:13","slug":"eemkon-2017-panel-iletisim-teknolojilerinin-toplumsal-etkileri-yaratacagi-degisimler-1","status":"publish","type":"post","link":"https:\/\/eemkon.org.tr\/eemkon2017\/eemkon-2017-panel-iletisim-teknolojilerinin-toplumsal-etkileri-yaratacagi-degisimler-1\/","title":{"rendered":"EEMKON 2017 &#8211; Panel: \u0130leti\u015fim Teknolojilerinin Toplumsal Etkileri, Yarataca\u011f\u0131 De\u011fi\u015fimler-1"},"content":{"rendered":"\t\t<div data-elementor-type=\"wp-post\" data-elementor-id=\"7770\" class=\"elementor elementor-7770\" data-elementor-settings=\"[]\">\n\t\t\t\t\t\t<div class=\"elementor-inner\">\n\t\t\t\t\t\t\t<div class=\"elementor-section-wrap\">\n\t\t\t\t\t\t\t<section class=\"elementor-section elementor-top-section elementor-element elementor-element-cbf2e18 elementor-section-boxed elementor-section-height-default elementor-section-height-default\" data-id=\"cbf2e18\" data-element_type=\"section\">\n\t\t\t\t\t\t<div class=\"elementor-container elementor-column-gap-default\">\n\t\t\t\t\t\t\t<div class=\"elementor-row\">\n\t\t\t\t\t<div class=\"elementor-column elementor-col-100 elementor-top-column elementor-element elementor-element-2db4766\" data-id=\"2db4766\" data-element_type=\"column\">\n\t\t\t<div class=\"elementor-column-wrap elementor-element-populated\">\n\t\t\t\t\t\t\t<div class=\"elementor-widget-wrap\">\n\t\t\t\t\t\t<div class=\"elementor-element elementor-element-76221be elementor-widget elementor-widget-text-editor\" data-id=\"76221be\" data-element_type=\"widget\" data-widget_type=\"text-editor.default\">\n\t\t\t\t<div class=\"elementor-widget-container\">\n\t\t\t\t\t\t\t\t<div class=\"elementor-text-editor elementor-clearfix\">\n\t\t\t\t<h6><strong>EEMKON 2017 \u2013 \u0130LET\u0130\u015e\u0130M TEKNOLOJ\u0130LER\u0130 SEMPOZYUMU &#8211; 7. OTURUM<\/strong><\/h6><h6>Oturum Y\u00f6neticisi\u00a0\u00a0\u00a0\u00a0\u00a0\u00a0\u00a0\u00a0\u00a0\u00a0 : <strong>Prof. Dr. Osman Co\u015fkuno\u011flu <\/strong>\u2013 22 ve 23. D\u00f6nem Milletvekili<\/h6><h6><strong>Konu\u015fmac\u0131lar<\/strong><\/h6><h6><strong>\u0130leti\u015fim Teknolojileri ve Hizmet Alan\u0131nda Kar, Rekabet ve \u0130fade \u00d6zg\u00fcrl\u00fc\u011f\u00fc<\/strong><\/h6><h6>Prof. Dr. Funda Ba\u015faran \u2013 Bilgisayar M\u00fchendisleri Odas\u0131<\/h6><h6><strong>Sosyal Medyan\u0131n Haber Ama\u00e7l\u0131 Kullan\u0131m\u0131<\/strong><\/h6><h6>Prof. Dr. Nurcan T\u00f6renli \u2013 Ankara \u00dcniversitesi<\/h6>\t\t\t\t\t<\/div>\n\t\t\t\t\t\t<\/div>\n\t\t\t\t<\/div>\n\t\t\t\t\t\t<\/div>\n\t\t\t\t\t<\/div>\n\t\t<\/div>\n\t\t\t\t\t\t\t\t<\/div>\n\t\t\t\t\t<\/div>\n\t\t<\/section>\n\t\t\t\t<section class=\"elementor-section elementor-top-section elementor-element elementor-element-eeb1158 elementor-section-boxed elementor-section-height-default elementor-section-height-default\" data-id=\"eeb1158\" data-element_type=\"section\">\n\t\t\t\t\t\t<div class=\"elementor-container elementor-column-gap-default\">\n\t\t\t\t\t\t\t<div class=\"elementor-row\">\n\t\t\t\t\t<div class=\"elementor-column elementor-col-66 elementor-top-column elementor-element elementor-element-76f8e5d\" data-id=\"76f8e5d\" data-element_type=\"column\">\n\t\t\t<div class=\"elementor-column-wrap elementor-element-populated\">\n\t\t\t\t\t\t\t<div class=\"elementor-widget-wrap\">\n\t\t\t\t\t\t<div class=\"elementor-element elementor-element-1074782 elementor-aspect-ratio-169 elementor-widget elementor-widget-video\" data-id=\"1074782\" data-element_type=\"widget\" data-settings=\"{&quot;youtube_url&quot;:&quot;https:\\\/\\\/www.youtube.com\\\/watch?v=sfi2MZrsRaA&quot;,&quot;video_type&quot;:&quot;youtube&quot;,&quot;controls&quot;:&quot;yes&quot;,&quot;aspect_ratio&quot;:&quot;169&quot;}\" data-widget_type=\"video.default\">\n\t\t\t\t<div class=\"elementor-widget-container\">\n\t\t\t\t\t<div class=\"elementor-wrapper elementor-fit-aspect-ratio elementor-open-inline\">\n\t\t\t<div class=\"elementor-video\"><\/div>\t\t<\/div>\n\t\t\t\t<\/div>\n\t\t\t\t<\/div>\n\t\t\t\t\t\t<\/div>\n\t\t\t\t\t<\/div>\n\t\t<\/div>\n\t\t\t\t<div class=\"elementor-column elementor-col-33 elementor-top-column elementor-element elementor-element-00ab8f3\" data-id=\"00ab8f3\" data-element_type=\"column\">\n\t\t\t<div class=\"elementor-column-wrap elementor-element-populated\">\n\t\t\t\t\t\t\t<div class=\"elementor-widget-wrap\">\n\t\t\t\t\t\t<div class=\"elementor-element elementor-element-d213642 elementor-widget elementor-widget-shortcode\" data-id=\"d213642\" data-element_type=\"widget\" data-widget_type=\"shortcode.default\">\n\t\t\t\t<div class=\"elementor-widget-container\">\n\t\t\t\t\t<div class=\"elementor-shortcode\"><div class=\"ead-preview\"><div class=\"ead-document\" style=\"padding-top: 90%\"><iframe src=\"\/\/view.officeapps.live.com\/op\/embed.aspx?src=https%3A%2F%2Feemkon.org.tr%2Feemkon2017%2Fwp-content%2Fuploads%2F2022%2F02%2FSOSYAL-MEDYANIN-HABER-AMACLI-KULLANIMI-Prof.Dr_.-Nurcan-TORENLI.ppt\" title=\"Embedded Document\" class=\"ead-iframe\" style=\"width: 100%;height: 100%;border: none;position: absolute;left: 0;top: 0;\"><\/iframe><\/div><\/div><\/div>\n\t\t\t\t<\/div>\n\t\t\t\t<\/div>\n\t\t\t\t\t\t<\/div>\n\t\t\t\t\t<\/div>\n\t\t<\/div>\n\t\t\t\t\t\t\t\t<\/div>\n\t\t\t\t\t<\/div>\n\t\t<\/section>\n\t\t\t\t\t\t<\/div>\n\t\t\t\t\t\t<\/div>\n\t\t\t\t\t<\/div>\n\t\t","protected":false},"excerpt":{"rendered":"<p>EEMKON 2017 \u2013 \u0130LET\u0130\u015e\u0130M TEKNOLOJ\u0130LER\u0130 SEMPOZYUMU &#8211; 7. OTURUM Oturum Y\u00f6neticisi\u00a0\u00a0\u00a0\u00a0\u00a0\u00a0\u00a0\u00a0\u00a0\u00a0 : Prof. Dr. Osman Co\u015fkuno\u011flu \u2013 22 ve 23. D\u00f6nem Milletvekili Konu\u015fmac\u0131lar \u0130leti\u015fim Teknolojileri ve Hizmet Alan\u0131nda Kar, Rekabet ve \u0130fade \u00d6zg\u00fcrl\u00fc\u011f\u00fc Prof. Dr. Funda Ba\u015faran \u2013 Bilgisayar M\u00fchendisleri Odas\u0131 Sosyal Medyan\u0131n Haber Ama\u00e7l\u0131 Kullan\u0131m\u0131 Prof. Dr. Nurcan T\u00f6renli \u2013 Ankara \u00dcniversitesi https:\/\/www.youtube.com\/watch?v=sfi2MZrsRaA<\/p>\n","protected":false},"author":4,"featured_media":7572,"comment_status":"closed","ping_status":"open","sticky":false,"template":"","format":"video","meta":[],"categories":[148],"tags":[],"_links":{"self":[{"href":"https:\/\/eemkon.org.tr\/eemkon2017\/wp-json\/wp\/v2\/posts\/7770"}],"collection":[{"href":"https:\/\/eemkon.org.tr\/eemkon2017\/wp-json\/wp\/v2\/posts"}],"about":[{"href":"https:\/\/eemkon.org.tr\/eemkon2017\/wp-json\/wp\/v2\/types\/post"}],"author":[{"embeddable":true,"href":"https:\/\/eemkon.org.tr\/eemkon2017\/wp-json\/wp\/v2\/users\/4"}],"replies":[{"embeddable":true,"href":"https:\/\/eemkon.org.tr\/eemkon2017\/wp-json\/wp\/v2\/comments?post=7770"}],"version-history":[{"count":7,"href":"https:\/\/eemkon.org.tr\/eemkon2017\/wp-json\/wp\/v2\/posts\/7770\/revisions"}],"predecessor-version":[{"id":7831,"href":"https:\/\/eemkon.org.tr\/eemkon2017\/wp-json\/wp\/v2\/posts\/7770\/revisions\/7831"}],"wp:featuredmedia":[{"embeddable":true,"href":"https:\/\/eemkon.org.tr\/eemkon2017\/wp-json\/wp\/v2\/media\/7572"}],"wp:attachment":[{"href":"https:\/\/eemkon.org.tr\/eemkon2017\/wp-json\/wp\/v2\/media?parent=7770"}],"wp:term":[{"taxonomy":"category","embeddable":true,"href":"https:\/\/eemkon.org.tr\/eemkon2017\/wp-json\/wp\/v2\/categories?post=7770"},{"taxonomy":"post_tag","embeddable":true,"href":"https:\/\/eemkon.org.tr\/eemkon2017\/wp-json\/wp\/v2\/tags?post=7770"}],"curies":[{"name":"wp","href":"https:\/\/api.w.org\/{rel}","templated":true}]}}