{"id":7674,"date":"2022-02-05T20:04:12","date_gmt":"2022-02-05T17:04:12","guid":{"rendered":"https:\/\/eemkon.org.tr\/eemkon2017\/?p=7674"},"modified":"2022-04-19T17:21:54","modified_gmt":"2022-04-19T14:21:54","slug":"eemkon-2017-dunyada-ve-turkiyede-enerji-gorunumu-1","status":"publish","type":"post","link":"https:\/\/eemkon.org.tr\/eemkon2017\/eemkon-2017-dunyada-ve-turkiyede-enerji-gorunumu-1\/","title":{"rendered":"EEMKON 2017- D\u00fcnyada ve T\u00fcrkiye&#8217;de Enerji G\u00f6r\u00fcn\u00fcm\u00fc-1"},"content":{"rendered":"\t\t<div data-elementor-type=\"wp-post\" data-elementor-id=\"7674\" class=\"elementor elementor-7674\" data-elementor-settings=\"[]\">\n\t\t\t\t\t\t<div class=\"elementor-inner\">\n\t\t\t\t\t\t\t<div class=\"elementor-section-wrap\">\n\t\t\t\t\t\t\t<section class=\"elementor-section elementor-top-section elementor-element elementor-element-d8ee9d3 elementor-section-boxed elementor-section-height-default elementor-section-height-default\" data-id=\"d8ee9d3\" data-element_type=\"section\">\n\t\t\t\t\t\t<div class=\"elementor-container elementor-column-gap-default\">\n\t\t\t\t\t\t\t<div class=\"elementor-row\">\n\t\t\t\t\t<div class=\"elementor-column elementor-col-100 elementor-top-column elementor-element elementor-element-f9818f7\" data-id=\"f9818f7\" data-element_type=\"column\">\n\t\t\t<div class=\"elementor-column-wrap elementor-element-populated\">\n\t\t\t\t\t\t\t<div class=\"elementor-widget-wrap\">\n\t\t\t\t\t\t<div class=\"elementor-element elementor-element-b0ab111 elementor-widget elementor-widget-text-editor\" data-id=\"b0ab111\" data-element_type=\"widget\" data-widget_type=\"text-editor.default\">\n\t\t\t\t<div class=\"elementor-widget-container\">\n\t\t\t\t\t\t\t\t<div class=\"elementor-text-editor elementor-clearfix\">\n\t\t\t\t<h6><strong>EEMKON 2017 \u2013 ENERJ\u0130 POL\u0130T\u0130KALARI SEMPOZYUMU &#8211; 1. OTURUM <\/strong><\/h6><h6>Oturum Y\u00f6neticisi\u00a0\u00a0\u00a0\u00a0\u00a0\u00a0\u00a0\u00a0\u00a0\u00a0 : <strong>Erol Celepsoy<\/strong> \u2013 Elektrik M\u00fchendisleri Odas\u0131<\/h6><h6><strong>Konu\u015fmac\u0131lar\u00a0\u00a0\u00a0\u00a0\u00a0\u00a0\u00a0\u00a0\u00a0\u00a0\u00a0\u00a0\u00a0\u00a0\u00a0\u00a0\u00a0\u00a0 <\/strong><\/h6><h6><strong>\u00c7evre Politikalar\u0131 ve Son \u0130ki Y\u0131ldaki Geli\u015fmeler<\/strong><\/h6><h6>Prof. Dr. Selahattin \u0130ncecik <strong>&#8211; <\/strong>\u0130stanbul Teknik \u00dcniversitesi<\/h6><h6><strong>\u00c7evre Ekonomisinden Enerjiye Bir Bak\u0131\u015f: Maliyetler ve De\u011ferler<\/strong><\/h6><h6>Ece \u00d6zdemiro\u011flu \u2013 EFTEC CEO\u2019SU, \u00c7evre Ekonomisti<\/h6><h6>Gazi \u0130pek &#8211; Elektrik M\u00fchendisleri Odas\u0131<\/h6>\t\t\t\t\t<\/div>\n\t\t\t\t\t\t<\/div>\n\t\t\t\t<\/div>\n\t\t\t\t\t\t<\/div>\n\t\t\t\t\t<\/div>\n\t\t<\/div>\n\t\t\t\t\t\t\t\t<\/div>\n\t\t\t\t\t<\/div>\n\t\t<\/section>\n\t\t\t\t<section class=\"elementor-section elementor-top-section elementor-element elementor-element-85043dd elementor-section-boxed elementor-section-height-default elementor-section-height-default\" data-id=\"85043dd\" data-element_type=\"section\">\n\t\t\t\t\t\t<div class=\"elementor-container elementor-column-gap-default\">\n\t\t\t\t\t\t\t<div class=\"elementor-row\">\n\t\t\t\t\t<div class=\"elementor-column elementor-col-66 elementor-top-column elementor-element elementor-element-86e8a75\" data-id=\"86e8a75\" data-element_type=\"column\">\n\t\t\t<div class=\"elementor-column-wrap elementor-element-populated\">\n\t\t\t\t\t\t\t<div class=\"elementor-widget-wrap\">\n\t\t\t\t\t\t<div class=\"elementor-element elementor-element-034aa00 elementor-aspect-ratio-169 elementor-widget elementor-widget-video\" data-id=\"034aa00\" data-element_type=\"widget\" data-settings=\"{&quot;youtube_url&quot;:&quot;https:\\\/\\\/www.youtube.com\\\/watch?v=T5bhVvtqFKE&quot;,&quot;video_type&quot;:&quot;youtube&quot;,&quot;controls&quot;:&quot;yes&quot;,&quot;aspect_ratio&quot;:&quot;169&quot;}\" data-widget_type=\"video.default\">\n\t\t\t\t<div class=\"elementor-widget-container\">\n\t\t\t\t\t<div class=\"elementor-wrapper elementor-fit-aspect-ratio elementor-open-inline\">\n\t\t\t<div class=\"elementor-video\"><\/div>\t\t<\/div>\n\t\t\t\t<\/div>\n\t\t\t\t<\/div>\n\t\t\t\t\t\t<\/div>\n\t\t\t\t\t<\/div>\n\t\t<\/div>\n\t\t\t\t<div class=\"elementor-column elementor-col-33 elementor-top-column elementor-element elementor-element-c5bce18\" data-id=\"c5bce18\" data-element_type=\"column\">\n\t\t\t<div class=\"elementor-column-wrap elementor-element-populated\">\n\t\t\t\t\t\t\t<div class=\"elementor-widget-wrap\">\n\t\t\t\t\t\t<div class=\"elementor-element elementor-element-dcd0c91 elementor-widget elementor-widget-shortcode\" data-id=\"dcd0c91\" data-element_type=\"widget\" data-widget_type=\"shortcode.default\">\n\t\t\t\t<div class=\"elementor-widget-container\">\n\t\t\t\t\t<div class=\"elementor-shortcode\"><div class=\"ead-preview\"><div class=\"ead-document\" style=\"padding-top: 90%\"><iframe src=\"\/\/view.officeapps.live.com\/op\/embed.aspx?src=https%3A%2F%2Feemkon.org.tr%2Feemkon2017%2Fwp-content%2Fuploads%2F2022%2F02%2FCEVRE-EKONOMISINDEN-ENERJIYE-BIR-BAKIS-MALIYETLER-VE-DEGERLER-Ece-OZDEMIROGLU.pptx\" title=\"Embedded Document\" class=\"ead-iframe\" style=\"width: 100%;height: 100%;border: none;position: absolute;left: 0;top: 0;\"><\/iframe><\/div><\/div><\/div>\n\t\t\t\t<\/div>\n\t\t\t\t<\/div>\n\t\t\t\t\t\t<\/div>\n\t\t\t\t\t<\/div>\n\t\t<\/div>\n\t\t\t\t\t\t\t\t<\/div>\n\t\t\t\t\t<\/div>\n\t\t<\/section>\n\t\t\t\t\t\t<\/div>\n\t\t\t\t\t\t<\/div>\n\t\t\t\t\t<\/div>\n\t\t","protected":false},"excerpt":{"rendered":"<p>EEMKON 2017 \u2013 ENERJ\u0130 POL\u0130T\u0130KALARI SEMPOZYUMU &#8211; 1. OTURUM Oturum Y\u00f6neticisi\u00a0\u00a0\u00a0\u00a0\u00a0\u00a0\u00a0\u00a0\u00a0\u00a0 : Erol Celepsoy \u2013 Elektrik M\u00fchendisleri Odas\u0131 Konu\u015fmac\u0131lar\u00a0\u00a0\u00a0\u00a0\u00a0\u00a0\u00a0\u00a0\u00a0\u00a0\u00a0\u00a0\u00a0\u00a0\u00a0\u00a0\u00a0\u00a0 \u00c7evre Politikalar\u0131 ve Son \u0130ki Y\u0131ldaki Geli\u015fmeler Prof. Dr. Selahattin \u0130ncecik &#8211; \u0130stanbul Teknik \u00dcniversitesi \u00c7evre Ekonomisinden Enerjiye Bir Bak\u0131\u015f: Maliyetler ve De\u011ferler Ece \u00d6zdemiro\u011flu \u2013 EFTEC CEO\u2019SU, \u00c7evre Ekonomisti Gazi \u0130pek &#8211; Elektrik M\u00fchendisleri Odas\u0131 [&hellip;]<\/p>\n","protected":false},"author":4,"featured_media":7518,"comment_status":"closed","ping_status":"open","sticky":false,"template":"","format":"video","meta":[],"categories":[147],"tags":[],"_links":{"self":[{"href":"https:\/\/eemkon.org.tr\/eemkon2017\/wp-json\/wp\/v2\/posts\/7674"}],"collection":[{"href":"https:\/\/eemkon.org.tr\/eemkon2017\/wp-json\/wp\/v2\/posts"}],"about":[{"href":"https:\/\/eemkon.org.tr\/eemkon2017\/wp-json\/wp\/v2\/types\/post"}],"author":[{"embeddable":true,"href":"https:\/\/eemkon.org.tr\/eemkon2017\/wp-json\/wp\/v2\/users\/4"}],"replies":[{"embeddable":true,"href":"https:\/\/eemkon.org.tr\/eemkon2017\/wp-json\/wp\/v2\/comments?post=7674"}],"version-history":[{"count":7,"href":"https:\/\/eemkon.org.tr\/eemkon2017\/wp-json\/wp\/v2\/posts\/7674\/revisions"}],"predecessor-version":[{"id":8904,"href":"https:\/\/eemkon.org.tr\/eemkon2017\/wp-json\/wp\/v2\/posts\/7674\/revisions\/8904"}],"wp:featuredmedia":[{"embeddable":true,"href":"https:\/\/eemkon.org.tr\/eemkon2017\/wp-json\/wp\/v2\/media\/7518"}],"wp:attachment":[{"href":"https:\/\/eemkon.org.tr\/eemkon2017\/wp-json\/wp\/v2\/media?parent=7674"}],"wp:term":[{"taxonomy":"category","embeddable":true,"href":"https:\/\/eemkon.org.tr\/eemkon2017\/wp-json\/wp\/v2\/categories?post=7674"},{"taxonomy":"post_tag","embeddable":true,"href":"https:\/\/eemkon.org.tr\/eemkon2017\/wp-json\/wp\/v2\/tags?post=7674"}],"curies":[{"name":"wp","href":"https:\/\/api.w.org\/{rel}","templated":true}]}}