{"id":7019,"date":"2022-01-15T20:53:13","date_gmt":"2022-01-15T17:53:13","guid":{"rendered":"https:\/\/eemkon.org.tr\/eemkon2017\/?p=7019"},"modified":"2022-01-15T20:59:30","modified_gmt":"2022-01-15T17:59:30","slug":"eemkon-2017-kuba-insan-beyin-haritalama-projesi-temel-arastirmadan-toplum-sagligina","status":"publish","type":"post","link":"https:\/\/eemkon.org.tr\/eemkon2017\/eemkon-2017-kuba-insan-beyin-haritalama-projesi-temel-arastirmadan-toplum-sagligina\/","title":{"rendered":"EEMKON 2017- K\u00fcba \u0130nsan Beyin Haritalama Projesi: Temel Ara\u015ft\u0131rmadan Toplum Sa\u011fl\u0131\u011f\u0131na"},"content":{"rendered":"\t\t<div data-elementor-type=\"wp-post\" data-elementor-id=\"7019\" class=\"elementor elementor-7019\" data-elementor-settings=\"[]\">\n\t\t\t\t\t\t<div class=\"elementor-inner\">\n\t\t\t\t\t\t\t<div class=\"elementor-section-wrap\">\n\t\t\t\t\t\t\t<section class=\"elementor-section elementor-top-section elementor-element elementor-element-d8d4afc elementor-section-boxed elementor-section-height-default elementor-section-height-default\" data-id=\"d8d4afc\" data-element_type=\"section\">\n\t\t\t\t\t\t<div class=\"elementor-container elementor-column-gap-default\">\n\t\t\t\t\t\t\t<div class=\"elementor-row\">\n\t\t\t\t\t<div class=\"elementor-column elementor-col-100 elementor-top-column elementor-element elementor-element-6a26213\" data-id=\"6a26213\" data-element_type=\"column\">\n\t\t\t<div class=\"elementor-column-wrap elementor-element-populated\">\n\t\t\t\t\t\t\t<div class=\"elementor-widget-wrap\">\n\t\t\t\t\t\t<div class=\"elementor-element elementor-element-e88b1f6 elementor-widget elementor-widget-text-editor\" data-id=\"e88b1f6\" data-element_type=\"widget\" data-widget_type=\"text-editor.default\">\n\t\t\t\t<div class=\"elementor-widget-container\">\n\t\t\t\t\t\t\t\t<div class=\"elementor-text-editor elementor-clearfix\">\n\t\t\t\t<h6><strong>EEMKON 2017 \u2013 B\u0130YOMED\u0130KAL M\u00dcHEND\u0130SL\u0130\u011e\u0130 SEMPOZYUMU &#8211; 2. ULUSLARARASI \u00c7A\u011eRILI KONU\u015eMA <\/strong><\/h6><h6>Oturum Y\u00f6neticisi\u00a0\u00a0\u00a0\u00a0\u00a0\u00a0\u00a0\u00a0\u00a0\u00a0 : <strong>Tamer Demiralp<\/strong> \u2013 \u0130stanbul Tabip Odas\u0131<\/h6><h6><strong>Konu\u015fmac\u0131<\/strong>\u00a0\u00a0\u00a0\u00a0\u00a0\u00a0\u00a0\u00a0\u00a0\u00a0\u00a0\u00a0\u00a0\u00a0\u00a0\u00a0\u00a0\u00a0\u00a0\u00a0\u00a0\u00a0\u00a0\u00a0 : Pedro Antonio Valdes-Sosa \u2013 K\u00fcba Sinir Bilimleri Merkezi Genel M\u00fcd\u00fcr\u00fc<\/h6>\t\t\t\t\t<\/div>\n\t\t\t\t\t\t<\/div>\n\t\t\t\t<\/div>\n\t\t\t\t\t\t<\/div>\n\t\t\t\t\t<\/div>\n\t\t<\/div>\n\t\t\t\t\t\t\t\t<\/div>\n\t\t\t\t\t<\/div>\n\t\t<\/section>\n\t\t\t\t<section class=\"elementor-section elementor-top-section elementor-element elementor-element-0c22757 elementor-section-boxed elementor-section-height-default elementor-section-height-default\" data-id=\"0c22757\" data-element_type=\"section\">\n\t\t\t\t\t\t<div class=\"elementor-container elementor-column-gap-default\">\n\t\t\t\t\t\t\t<div class=\"elementor-row\">\n\t\t\t\t\t<div class=\"elementor-column elementor-col-66 elementor-top-column elementor-element elementor-element-384556b\" data-id=\"384556b\" data-element_type=\"column\">\n\t\t\t<div class=\"elementor-column-wrap elementor-element-populated\">\n\t\t\t\t\t\t\t<div class=\"elementor-widget-wrap\">\n\t\t\t\t\t\t<div class=\"elementor-element elementor-element-14f7b3e elementor-aspect-ratio-169 elementor-widget elementor-widget-video\" data-id=\"14f7b3e\" data-element_type=\"widget\" data-settings=\"{&quot;youtube_url&quot;:&quot;https:\\\/\\\/www.youtube.com\\\/watch?v=CtR9td-v3Cs&quot;,&quot;video_type&quot;:&quot;youtube&quot;,&quot;controls&quot;:&quot;yes&quot;,&quot;aspect_ratio&quot;:&quot;169&quot;}\" data-widget_type=\"video.default\">\n\t\t\t\t<div class=\"elementor-widget-container\">\n\t\t\t\t\t<div class=\"elementor-wrapper elementor-fit-aspect-ratio elementor-open-inline\">\n\t\t\t<div class=\"elementor-video\"><\/div>\t\t<\/div>\n\t\t\t\t<\/div>\n\t\t\t\t<\/div>\n\t\t\t\t\t\t<\/div>\n\t\t\t\t\t<\/div>\n\t\t<\/div>\n\t\t\t\t<div class=\"elementor-column elementor-col-33 elementor-top-column elementor-element elementor-element-bcf53f1\" data-id=\"bcf53f1\" data-element_type=\"column\">\n\t\t\t<div class=\"elementor-column-wrap elementor-element-populated\">\n\t\t\t\t\t\t\t<div class=\"elementor-widget-wrap\">\n\t\t\t\t\t\t<div class=\"elementor-element elementor-element-6238b3e elementor-widget elementor-widget-shortcode\" data-id=\"6238b3e\" data-element_type=\"widget\" data-widget_type=\"shortcode.default\">\n\t\t\t\t<div class=\"elementor-widget-container\">\n\t\t\t\t\t<div class=\"elementor-shortcode\"><div class=\"ead-preview\"><div class=\"ead-document\" style=\"padding-top: 90%\"><iframe src=\"\/\/view.officeapps.live.com\/op\/embed.aspx?src=https%3A%2F%2Feemkon.org.tr%2Feemkon2017%2Fwp-content%2Fuploads%2F2022%2F01%2FKUBA-INSAN-BEYIN-HARITALAMA-PROJESI-TEMEL-ARASTIRMADANTOPLUM-SAGLIGINA-Pedro-Antonio-VALDES-SOSA.pptx\" title=\"Embedded Document\" class=\"ead-iframe\" style=\"width: 100%;height: 100%;border: none;position: absolute;left: 0;top: 0;\"><\/iframe><\/div><\/div><\/div>\n\t\t\t\t<\/div>\n\t\t\t\t<\/div>\n\t\t\t\t\t\t<\/div>\n\t\t\t\t\t<\/div>\n\t\t<\/div>\n\t\t\t\t\t\t\t\t<\/div>\n\t\t\t\t\t<\/div>\n\t\t<\/section>\n\t\t\t\t\t\t<\/div>\n\t\t\t\t\t\t<\/div>\n\t\t\t\t\t<\/div>\n\t\t","protected":false},"excerpt":{"rendered":"<p>EEMKON 2017 \u2013 B\u0130YOMED\u0130KAL M\u00dcHEND\u0130SL\u0130\u011e\u0130 SEMPOZYUMU &#8211; 2. ULUSLARARASI \u00c7A\u011eRILI KONU\u015eMA Oturum Y\u00f6neticisi\u00a0\u00a0\u00a0\u00a0\u00a0\u00a0\u00a0\u00a0\u00a0\u00a0 : Tamer Demiralp \u2013 \u0130stanbul Tabip Odas\u0131 Konu\u015fmac\u0131\u00a0\u00a0\u00a0\u00a0\u00a0\u00a0\u00a0\u00a0\u00a0\u00a0\u00a0\u00a0\u00a0\u00a0\u00a0\u00a0\u00a0\u00a0\u00a0\u00a0\u00a0\u00a0\u00a0\u00a0 : Pedro Antonio Valdes-Sosa \u2013 K\u00fcba Sinir Bilimleri Merkezi Genel M\u00fcd\u00fcr\u00fc https:\/\/www.youtube.com\/watch?v=CtR9td-v3Cs<\/p>\n","protected":false},"author":4,"featured_media":6992,"comment_status":"closed","ping_status":"open","sticky":false,"template":"","format":"video","meta":[],"categories":[144],"tags":[],"_links":{"self":[{"href":"https:\/\/eemkon.org.tr\/eemkon2017\/wp-json\/wp\/v2\/posts\/7019"}],"collection":[{"href":"https:\/\/eemkon.org.tr\/eemkon2017\/wp-json\/wp\/v2\/posts"}],"about":[{"href":"https:\/\/eemkon.org.tr\/eemkon2017\/wp-json\/wp\/v2\/types\/post"}],"author":[{"embeddable":true,"href":"https:\/\/eemkon.org.tr\/eemkon2017\/wp-json\/wp\/v2\/users\/4"}],"replies":[{"embeddable":true,"href":"https:\/\/eemkon.org.tr\/eemkon2017\/wp-json\/wp\/v2\/comments?post=7019"}],"version-history":[{"count":7,"href":"https:\/\/eemkon.org.tr\/eemkon2017\/wp-json\/wp\/v2\/posts\/7019\/revisions"}],"predecessor-version":[{"id":7027,"href":"https:\/\/eemkon.org.tr\/eemkon2017\/wp-json\/wp\/v2\/posts\/7019\/revisions\/7027"}],"wp:featuredmedia":[{"embeddable":true,"href":"https:\/\/eemkon.org.tr\/eemkon2017\/wp-json\/wp\/v2\/media\/6992"}],"wp:attachment":[{"href":"https:\/\/eemkon.org.tr\/eemkon2017\/wp-json\/wp\/v2\/media?parent=7019"}],"wp:term":[{"taxonomy":"category","embeddable":true,"href":"https:\/\/eemkon.org.tr\/eemkon2017\/wp-json\/wp\/v2\/categories?post=7019"},{"taxonomy":"post_tag","embeddable":true,"href":"https:\/\/eemkon.org.tr\/eemkon2017\/wp-json\/wp\/v2\/tags?post=7019"}],"curies":[{"name":"wp","href":"https:\/\/api.w.org\/{rel}","templated":true}]}}